{"id":51813,"date":"2025-10-21T00:57:49","date_gmt":"2025-10-21T06:57:49","guid":{"rendered":"https:\/\/labestiapolitica.com.mx\/?p=51813"},"modified":"2025-10-21T00:57:49","modified_gmt":"2025-10-21T06:57:49","slug":"ayuntamiento-de-tlaxcala-mejora-la-imagen-de-la-loma-xicohtencatl-con-jornadas-de-mantenimiento-y-alumbrado","status":"publish","type":"post","link":"https:\/\/labestiapolitica.com.mx\/?p=51813","title":{"rendered":"Ayuntamiento de Tlaxcala mejora la imagen de La Loma Xicoht\u00e9ncatl con jornadas de mantenimiento y alumbrado."},"content":{"rendered":"<p style=\"text-align: justify;\">El Ayuntamiento de Tlaxcala, a trav\u00e9s de la Direcci\u00f3n de Servicios Municipales, llev\u00f3 a cabo una jornada integral de mantenimiento en el fraccionamiento El Rinc\u00f3n de la Loma Xicoht\u00e9ncatl, donde personal del \u00e1rea realiz\u00f3 labores de limpieza, rehabilitaci\u00f3n de \u00e1reas comunes y mantenimiento de alumbrado p\u00fablico, con el prop\u00f3sito de ofrecer espacios m\u00e1s seguros y agradables para las familias.<\/p>\n<p style=\"text-align: justify;\">Resultado de este trabajo, los habitantes manifestaron su agradecimiento al Gobierno de Alfonso S\u00e1nchez Garc\u00eda y expusieron que estos trabajos adem\u00e1s de mejorar la imagen generan un mejor ambiente de convivencia.<\/p>\n<p style=\"text-align: justify;\">De igual manera, se desarroll\u00f3 una jornada de alumbrado p\u00fablico en diversos puntos de La Loma Xicoht\u00e9ncatl, donde se revisaron y sustituyeron luminarias, lo cual fortalece la seguridad y mejorar la visibilidad nocturna en calles y avenidas principales, con lo que se atiende as\u00ed una petici\u00f3n de la poblaci\u00f3n.<\/p>\n<p style=\"text-align: justify;\">Al cierre de la semana las acciones tambi\u00e9n se extendieron al Pante\u00f3n Jardines de la Colina de Tizatl\u00e1n, donde se realizaron tareas de limpieza, poda y mantenimiento general en preparaci\u00f3n para las pr\u00f3ximas festividades tradicionales, lo que contribuye al orden y la buena imagen de este espacio.<\/p>\n<p style=\"text-align: justify;\">De esta manera, el gobierno de Alfonso S\u00e1nchez Garc\u00eda avanza en su labor de embellecer y dignificar los espacios p\u00fablicos de la capital, al impulsar acciones permanentes que impactan de forma directa en la calidad de las familias capitalinas.<\/p>\n<p style=\"text-align: justify;\">\n<p><img loading=\"lazy\" decoding=\"async\" class=\"alignnone wp-image-28405 size-full\" src=\"https:\/\/labestiapolitica.com.mx\/wp-content\/uploads\/2024\/06\/U-NOVA-y-se-diferente.png\" alt=\"\" width=\"1000\" height=\"600\" srcset=\"https:\/\/labestiapolitica.com.mx\/wp-content\/uploads\/2024\/06\/U-NOVA-y-se-diferente.png 1000w, https:\/\/labestiapolitica.com.mx\/wp-content\/uploads\/2024\/06\/U-NOVA-y-se-diferente-300x180.png 300w, https:\/\/labestiapolitica.com.mx\/wp-content\/uploads\/2024\/06\/U-NOVA-y-se-diferente-768x461.png 768w\" sizes=\"auto, (max-width: 1000px) 100vw, 1000px\" \/><\/p>\n","protected":false},"excerpt":{"rendered":"<p>El Ayuntamiento de Tlaxcala, a trav\u00e9s de la Direcci\u00f3n de Servicios Municipales, llev\u00f3 a cabo una jornada integral de mantenimiento en el fraccionamiento El Rinc\u00f3n de la Loma Xicoht\u00e9ncatl, donde personal del \u00e1rea realiz\u00f3 labores de limpieza, rehabilitaci\u00f3n de \u00e1reas comunes y mantenimiento de alumbrado p\u00fablico, con el prop\u00f3sito de ofrecer espacios m\u00e1s seguros y [&hellip;]<\/p>\n","protected":false},"author":5,"featured_media":51814,"comment_status":"open","ping_status":"open","sticky":false,"template":"","format":"standard","meta":{"footnotes":""},"categories":[229,216,214],"tags":[],"class_list":["post-51813","post","type-post","status-publish","format-standard","has-post-thumbnail","hentry","category-camara-de-diputados","category-municipios","category-tlaxcala-capital"],"amp_enabled":true,"_links":{"self":[{"href":"https:\/\/labestiapolitica.com.mx\/index.php?rest_route=\/wp\/v2\/posts\/51813","targetHints":{"allow":["GET"]}}],"collection":[{"href":"https:\/\/labestiapolitica.com.mx\/index.php?rest_route=\/wp\/v2\/posts"}],"about":[{"href":"https:\/\/labestiapolitica.com.mx\/index.php?rest_route=\/wp\/v2\/types\/post"}],"author":[{"embeddable":true,"href":"https:\/\/labestiapolitica.com.mx\/index.php?rest_route=\/wp\/v2\/users\/5"}],"replies":[{"embeddable":true,"href":"https:\/\/labestiapolitica.com.mx\/index.php?rest_route=%2Fwp%2Fv2%2Fcomments&post=51813"}],"version-history":[{"count":1,"href":"https:\/\/labestiapolitica.com.mx\/index.php?rest_route=\/wp\/v2\/posts\/51813\/revisions"}],"predecessor-version":[{"id":51815,"href":"https:\/\/labestiapolitica.com.mx\/index.php?rest_route=\/wp\/v2\/posts\/51813\/revisions\/51815"}],"wp:featuredmedia":[{"embeddable":true,"href":"https:\/\/labestiapolitica.com.mx\/index.php?rest_route=\/wp\/v2\/media\/51814"}],"wp:attachment":[{"href":"https:\/\/labestiapolitica.com.mx\/index.php?rest_route=%2Fwp%2Fv2%2Fmedia&parent=51813"}],"wp:term":[{"taxonomy":"category","embeddable":true,"href":"https:\/\/labestiapolitica.com.mx\/index.php?rest_route=%2Fwp%2Fv2%2Fcategories&post=51813"},{"taxonomy":"post_tag","embeddable":true,"href":"https:\/\/labestiapolitica.com.mx\/index.php?rest_route=%2Fwp%2Fv2%2Ftags&post=51813"}],"curies":[{"name":"wp","href":"https:\/\/api.w.org\/{rel}","templated":true}]}}