{"id":51816,"date":"2025-10-21T01:02:38","date_gmt":"2025-10-21T07:02:38","guid":{"rendered":"https:\/\/labestiapolitica.com.mx\/?p=51816"},"modified":"2025-10-21T01:02:38","modified_gmt":"2025-10-21T07:02:38","slug":"gobierno-municipal-de-zacatelco-impulsa-curtido-de-pieles-con-capacitaciones","status":"publish","type":"post","link":"https:\/\/labestiapolitica.com.mx\/?p=51816","title":{"rendered":"Gobierno Municipal de Zacatelco impulsa curtido de pieles con capacitaciones."},"content":{"rendered":"<p style=\"text-align: justify;\">El Gobierno Municipal de Zacatelco, a trav\u00e9s del gobierno municipal y en coordinaci\u00f3n con la Secretar\u00eda de Impulso Agropecuario (SIA), realiz\u00f3 una exposici\u00f3n del curso de curtido de pieles dirigido al sector ovino y caprino, con el objetivo de impulsar el aprovechamiento integral de ovinos y caprinos mediante capacitaci\u00f3n t\u00e9cnica, asistencia directa a productores y la promoci\u00f3n de una estrategia de comercializaci\u00f3n de pieles, artesan\u00edas y textiles derivados. Las autoridades presentes destacaron que el evento no es solo una exposici\u00f3n, sino parte de un proceso que busca transformar la producci\u00f3n y abrir nuevos mercados para las familias del campo.<\/p>\n<p style=\"text-align: justify;\">El presidente municipal Jos\u00e9\u202fMiguel\u202fAcatzi\u202fLuna, se\u00f1al\u00f3 que el trabajo coordinado con la SIA, el sistema municipal del DIF y otras dependencias tiene como meta que los productores no solo reciban capacitaci\u00f3n, sino que valoren sus productos y los comercialicen. \u201cNo se trata solamente de hacer eventos por hacerlos, sino de que la ciudadan\u00eda conozca el trabajo que hay detr\u00e1s\u201d enfatiz\u00f3, al tiempo que resalt\u00f3 la importancia de la Unidad de Gesti\u00f3n Integral del DIF para acercar oportunidades a todos los ciudadanos.<\/p>\n<p style=\"text-align: justify;\">Por su parte, el ingeniero Rufo\u202fTorres\u202fJurado representante de la SIA, apunt\u00f3 que el curso de curtido de pieles busca que las mismas antes se desechaban por desconocimiento adquieran valor agregado: \u201cYa no tiramos las pieles, les damos un valor que les sirve a muchas cosas\u201d indic\u00f3, explicando que esto abre nuevas posibilidades productivas. A su vez, la productora local Mar\u00eda\u202fDelfina\u202fMel\u00e9ndez\u202f B\u00e1ez relat\u00f3 como antes desechaba las pieles de sus ovinos por desconocer su aprovechamiento y gracias al curso ha aprendido a conservarlas, curtirlas y convertirlas en mercanc\u00eda con valor, mejorando sus ingresos.<\/p>\n<p style=\"text-align: justify;\">Finalmente, se realiz\u00f3 una exhibici\u00f3n de trabajos de curtido por parte de los productores locales, donde se mostraron piezas de calidad que reflejan el aprendizaje adquirido.<\/p>\n<p style=\"text-align: justify;\">Al finalizar el evento se entregaron reconocimientos a las y los participantes, reconociendo su esfuerzo y compromiso.<\/p>\n<p style=\"text-align: justify;\">Con ello, Zacatelco refuerza su apuesta por la diversificaci\u00f3n de la econom\u00eda, porque sus productores transformen y comercialicen de forma competitiva los productos derivados de la ganader\u00eda ovina y caprina.<\/p>\n<p>&nbsp;<\/p>\n<p><img loading=\"lazy\" decoding=\"async\" class=\"alignnone wp-image-28405 size-full\" src=\"https:\/\/labestiapolitica.com.mx\/wp-content\/uploads\/2024\/06\/U-NOVA-y-se-diferente.png\" alt=\"\" width=\"1000\" height=\"600\" srcset=\"https:\/\/labestiapolitica.com.mx\/wp-content\/uploads\/2024\/06\/U-NOVA-y-se-diferente.png 1000w, https:\/\/labestiapolitica.com.mx\/wp-content\/uploads\/2024\/06\/U-NOVA-y-se-diferente-300x180.png 300w, https:\/\/labestiapolitica.com.mx\/wp-content\/uploads\/2024\/06\/U-NOVA-y-se-diferente-768x461.png 768w\" sizes=\"auto, (max-width: 1000px) 100vw, 1000px\" \/><\/p>\n","protected":false},"excerpt":{"rendered":"<p>El Gobierno Municipal de Zacatelco, a trav\u00e9s del gobierno municipal y en coordinaci\u00f3n con la Secretar\u00eda de Impulso Agropecuario (SIA), realiz\u00f3 una exposici\u00f3n del curso de curtido de pieles dirigido al sector ovino y caprino, con el objetivo de impulsar el aprovechamiento integral de ovinos y caprinos mediante capacitaci\u00f3n t\u00e9cnica, asistencia directa a productores y [&hellip;]<\/p>\n","protected":false},"author":5,"featured_media":51817,"comment_status":"open","ping_status":"open","sticky":false,"template":"","format":"standard","meta":{"footnotes":""},"categories":[7,216,217],"tags":[],"class_list":["post-51816","post","type-post","status-publish","format-standard","has-post-thumbnail","hentry","category-ciudadanos","category-municipios","category-zacatelco"],"amp_enabled":true,"_links":{"self":[{"href":"https:\/\/labestiapolitica.com.mx\/index.php?rest_route=\/wp\/v2\/posts\/51816","targetHints":{"allow":["GET"]}}],"collection":[{"href":"https:\/\/labestiapolitica.com.mx\/index.php?rest_route=\/wp\/v2\/posts"}],"about":[{"href":"https:\/\/labestiapolitica.com.mx\/index.php?rest_route=\/wp\/v2\/types\/post"}],"author":[{"embeddable":true,"href":"https:\/\/labestiapolitica.com.mx\/index.php?rest_route=\/wp\/v2\/users\/5"}],"replies":[{"embeddable":true,"href":"https:\/\/labestiapolitica.com.mx\/index.php?rest_route=%2Fwp%2Fv2%2Fcomments&post=51816"}],"version-history":[{"count":1,"href":"https:\/\/labestiapolitica.com.mx\/index.php?rest_route=\/wp\/v2\/posts\/51816\/revisions"}],"predecessor-version":[{"id":51818,"href":"https:\/\/labestiapolitica.com.mx\/index.php?rest_route=\/wp\/v2\/posts\/51816\/revisions\/51818"}],"wp:featuredmedia":[{"embeddable":true,"href":"https:\/\/labestiapolitica.com.mx\/index.php?rest_route=\/wp\/v2\/media\/51817"}],"wp:attachment":[{"href":"https:\/\/labestiapolitica.com.mx\/index.php?rest_route=%2Fwp%2Fv2%2Fmedia&parent=51816"}],"wp:term":[{"taxonomy":"category","embeddable":true,"href":"https:\/\/labestiapolitica.com.mx\/index.php?rest_route=%2Fwp%2Fv2%2Fcategories&post=51816"},{"taxonomy":"post_tag","embeddable":true,"href":"https:\/\/labestiapolitica.com.mx\/index.php?rest_route=%2Fwp%2Fv2%2Ftags&post=51816"}],"curies":[{"name":"wp","href":"https:\/\/api.w.org\/{rel}","templated":true}]}}