{"id":51822,"date":"2025-10-21T01:08:21","date_gmt":"2025-10-21T07:08:21","guid":{"rendered":"https:\/\/labestiapolitica.com.mx\/?p=51822"},"modified":"2025-10-21T01:08:21","modified_gmt":"2025-10-21T07:08:21","slug":"inician-los-trabajos-de-reconstruccion-de-la-calle-abasolo-en-huamantla","status":"publish","type":"post","link":"https:\/\/labestiapolitica.com.mx\/?p=51822","title":{"rendered":"Inician los trabajos de reconstrucci\u00f3n de la calle Abasolo en Huamantla."},"content":{"rendered":"<p style=\"text-align: justify;\">El H. Ayuntamiento de Huamantla, encabezado por el presidente Salvador Santos Cedillo, informa que a partir de este martes 21 de octubre dar\u00e1n inicio los trabajos de reconstrucci\u00f3n de la calle Abasolo, como parte del programa de mejoramiento urbano impulsado por la administraci\u00f3n municipal.<\/p>\n<p style=\"text-align: justify;\">Estas acciones tienen como objetivo mejorar la infraestructura vial, la movilidad y la seguridad peatonal, beneficiando directamente a vecinos, comerciantes y automovilistas que diariamente transitan por esta importante arteria.<\/p>\n<p style=\"text-align: justify;\">Durante el tiempo que se realicen los trabajos, se solicita a la ciudadan\u00eda tomar v\u00edas alternas y estar atenta a las indicaciones del personal de tr\u00e1nsito y obras p\u00fablicas, a fin de evitar contratiempos.<\/p>\n<p style=\"text-align: justify;\">El Ayuntamiento agradece la comprensi\u00f3n y colaboraci\u00f3n de las y los huamantlecos, reiterando su compromiso de continuar trabajando en obras que fortalezcan el desarrollo urbano y la calidad de vida de todos los habitantes.<\/p>\n<p style=\"text-align: justify;\">Con hechos, no palabras, el Gobierno Municipal sigue construyendo un Huamantla que avanza con orden y compromiso.<\/p>\n<p>&nbsp;<\/p>\n<p><img loading=\"lazy\" decoding=\"async\" class=\"alignnone wp-image-28405 size-full\" src=\"https:\/\/labestiapolitica.com.mx\/wp-content\/uploads\/2024\/06\/U-NOVA-y-se-diferente.png\" alt=\"\" width=\"1000\" height=\"600\" srcset=\"https:\/\/labestiapolitica.com.mx\/wp-content\/uploads\/2024\/06\/U-NOVA-y-se-diferente.png 1000w, https:\/\/labestiapolitica.com.mx\/wp-content\/uploads\/2024\/06\/U-NOVA-y-se-diferente-300x180.png 300w, https:\/\/labestiapolitica.com.mx\/wp-content\/uploads\/2024\/06\/U-NOVA-y-se-diferente-768x461.png 768w\" sizes=\"auto, (max-width: 1000px) 100vw, 1000px\" \/><\/p>\n","protected":false},"excerpt":{"rendered":"<p>El H. Ayuntamiento de Huamantla, encabezado por el presidente Salvador Santos Cedillo, informa que a partir de este martes 21 de octubre dar\u00e1n inicio los trabajos de reconstrucci\u00f3n de la calle Abasolo, como parte del programa de mejoramiento urbano impulsado por la administraci\u00f3n municipal. Estas acciones tienen como objetivo mejorar la infraestructura vial, la movilidad [&hellip;]<\/p>\n","protected":false},"author":5,"featured_media":51823,"comment_status":"open","ping_status":"open","sticky":false,"template":"","format":"standard","meta":{"footnotes":""},"categories":[7,220,216],"tags":[],"class_list":["post-51822","post","type-post","status-publish","format-standard","has-post-thumbnail","hentry","category-ciudadanos","category-huamantla","category-municipios"],"amp_enabled":true,"_links":{"self":[{"href":"https:\/\/labestiapolitica.com.mx\/index.php?rest_route=\/wp\/v2\/posts\/51822","targetHints":{"allow":["GET"]}}],"collection":[{"href":"https:\/\/labestiapolitica.com.mx\/index.php?rest_route=\/wp\/v2\/posts"}],"about":[{"href":"https:\/\/labestiapolitica.com.mx\/index.php?rest_route=\/wp\/v2\/types\/post"}],"author":[{"embeddable":true,"href":"https:\/\/labestiapolitica.com.mx\/index.php?rest_route=\/wp\/v2\/users\/5"}],"replies":[{"embeddable":true,"href":"https:\/\/labestiapolitica.com.mx\/index.php?rest_route=%2Fwp%2Fv2%2Fcomments&post=51822"}],"version-history":[{"count":1,"href":"https:\/\/labestiapolitica.com.mx\/index.php?rest_route=\/wp\/v2\/posts\/51822\/revisions"}],"predecessor-version":[{"id":51824,"href":"https:\/\/labestiapolitica.com.mx\/index.php?rest_route=\/wp\/v2\/posts\/51822\/revisions\/51824"}],"wp:featuredmedia":[{"embeddable":true,"href":"https:\/\/labestiapolitica.com.mx\/index.php?rest_route=\/wp\/v2\/media\/51823"}],"wp:attachment":[{"href":"https:\/\/labestiapolitica.com.mx\/index.php?rest_route=%2Fwp%2Fv2%2Fmedia&parent=51822"}],"wp:term":[{"taxonomy":"category","embeddable":true,"href":"https:\/\/labestiapolitica.com.mx\/index.php?rest_route=%2Fwp%2Fv2%2Fcategories&post=51822"},{"taxonomy":"post_tag","embeddable":true,"href":"https:\/\/labestiapolitica.com.mx\/index.php?rest_route=%2Fwp%2Fv2%2Ftags&post=51822"}],"curies":[{"name":"wp","href":"https:\/\/api.w.org\/{rel}","templated":true}]}}