{"id":51825,"date":"2025-10-21T01:11:14","date_gmt":"2025-10-21T07:11:14","guid":{"rendered":"https:\/\/labestiapolitica.com.mx\/?p=51825"},"modified":"2025-10-21T01:11:14","modified_gmt":"2025-10-21T07:11:14","slug":"huamantla-celebra-su-historia-con-la-conferencia-dinastia-de-titeres-rosete-aranda","status":"publish","type":"post","link":"https:\/\/labestiapolitica.com.mx\/?p=51825","title":{"rendered":"Huamantla celebra su historia con la conferencia \u201cDinast\u00eda de T\u00edteres Rosete Aranda\u201d."},"content":{"rendered":"<p style=\"text-align: justify;\">Como parte de las actividades conmemorativas por el 491 aniversario de la fundaci\u00f3n de Huamantla, el Gobierno Municipal que preside Salvador Santos Cedillo, a trav\u00e9s de la Direcci\u00f3n de Turismo, Cultura y Desarrollo Taurino, llev\u00f3 a cabo la conferencia \u201cDinast\u00eda de T\u00edteres Rosete Aranda\u201d, impartida por el Lic. Armando Rosete Rivera.<\/p>\n<p style=\"text-align: justify;\">La actividad forma parte del ciclo de conferencias \u201cConoce Huamantla\u201d, dise\u00f1ado para fortalecer el sentido de identidad, difundir la riqueza cultural del municipio y acercar a la ciudadan\u00eda a los personajes y tradiciones que han dado renombre al Pueblo M\u00e1gico de Huamantla.<\/p>\n<p style=\"text-align: justify;\">Durante su participaci\u00f3n, el Lic. Rosete Rivera comparti\u00f3 la historia de la reconocida familia Rosete Aranda, pionera en el arte titiritero desde el siglo XIX, cuya creatividad y talento trascendieron fronteras, convirti\u00e9ndose en un s\u00edmbolo del ingenio huamantleco y del arte popular mexicano.<\/p>\n<p style=\"text-align: justify;\">El ponente destac\u00f3 la importancia de preservar esta tradici\u00f3n que forma parte del patrimonio cultural de Huamantla y de M\u00e9xico, e invit\u00f3 a las nuevas generaciones a mantener viva la pasi\u00f3n por las expresiones art\u00edsticas que nos identifican como pueblo.<\/p>\n<p style=\"text-align: justify;\">Con este tipo de actividades, el Gobierno Municipal reafirma su compromiso de promover la cultura, rescatar la historia local y fortalecer el orgullo de ser huamantlecos, en el marco de los 491 a\u00f1os de la fundaci\u00f3n de nuestro querido municipio.<\/p>\n<p style=\"text-align: justify;\">\ud83d\udc9a Huamantla, orgullo que nos une.<\/p>\n<p>&nbsp;<\/p>\n<p><img loading=\"lazy\" decoding=\"async\" class=\"alignnone wp-image-28405 size-full\" src=\"https:\/\/labestiapolitica.com.mx\/wp-content\/uploads\/2024\/06\/U-NOVA-y-se-diferente.png\" alt=\"\" width=\"1000\" height=\"600\" srcset=\"https:\/\/labestiapolitica.com.mx\/wp-content\/uploads\/2024\/06\/U-NOVA-y-se-diferente.png 1000w, https:\/\/labestiapolitica.com.mx\/wp-content\/uploads\/2024\/06\/U-NOVA-y-se-diferente-300x180.png 300w, https:\/\/labestiapolitica.com.mx\/wp-content\/uploads\/2024\/06\/U-NOVA-y-se-diferente-768x461.png 768w\" sizes=\"auto, (max-width: 1000px) 100vw, 1000px\" \/><\/p>\n","protected":false},"excerpt":{"rendered":"<p>Como parte de las actividades conmemorativas por el 491 aniversario de la fundaci\u00f3n de Huamantla, el Gobierno Municipal que preside Salvador Santos Cedillo, a trav\u00e9s de la Direcci\u00f3n de Turismo, Cultura y Desarrollo Taurino, llev\u00f3 a cabo la conferencia \u201cDinast\u00eda de T\u00edteres Rosete Aranda\u201d, impartida por el Lic. Armando Rosete Rivera. La actividad forma parte [&hellip;]<\/p>\n","protected":false},"author":5,"featured_media":51826,"comment_status":"open","ping_status":"open","sticky":false,"template":"","format":"standard","meta":{"footnotes":""},"categories":[7,220,216],"tags":[],"class_list":["post-51825","post","type-post","status-publish","format-standard","has-post-thumbnail","hentry","category-ciudadanos","category-huamantla","category-municipios"],"amp_enabled":true,"_links":{"self":[{"href":"https:\/\/labestiapolitica.com.mx\/index.php?rest_route=\/wp\/v2\/posts\/51825","targetHints":{"allow":["GET"]}}],"collection":[{"href":"https:\/\/labestiapolitica.com.mx\/index.php?rest_route=\/wp\/v2\/posts"}],"about":[{"href":"https:\/\/labestiapolitica.com.mx\/index.php?rest_route=\/wp\/v2\/types\/post"}],"author":[{"embeddable":true,"href":"https:\/\/labestiapolitica.com.mx\/index.php?rest_route=\/wp\/v2\/users\/5"}],"replies":[{"embeddable":true,"href":"https:\/\/labestiapolitica.com.mx\/index.php?rest_route=%2Fwp%2Fv2%2Fcomments&post=51825"}],"version-history":[{"count":1,"href":"https:\/\/labestiapolitica.com.mx\/index.php?rest_route=\/wp\/v2\/posts\/51825\/revisions"}],"predecessor-version":[{"id":51827,"href":"https:\/\/labestiapolitica.com.mx\/index.php?rest_route=\/wp\/v2\/posts\/51825\/revisions\/51827"}],"wp:featuredmedia":[{"embeddable":true,"href":"https:\/\/labestiapolitica.com.mx\/index.php?rest_route=\/wp\/v2\/media\/51826"}],"wp:attachment":[{"href":"https:\/\/labestiapolitica.com.mx\/index.php?rest_route=%2Fwp%2Fv2%2Fmedia&parent=51825"}],"wp:term":[{"taxonomy":"category","embeddable":true,"href":"https:\/\/labestiapolitica.com.mx\/index.php?rest_route=%2Fwp%2Fv2%2Fcategories&post=51825"},{"taxonomy":"post_tag","embeddable":true,"href":"https:\/\/labestiapolitica.com.mx\/index.php?rest_route=%2Fwp%2Fv2%2Ftags&post=51825"}],"curies":[{"name":"wp","href":"https:\/\/api.w.org\/{rel}","templated":true}]}}