{"id":51828,"date":"2025-10-21T01:13:23","date_gmt":"2025-10-21T07:13:23","guid":{"rendered":"https:\/\/labestiapolitica.com.mx\/?p=51828"},"modified":"2025-10-21T01:13:23","modified_gmt":"2025-10-21T07:13:23","slug":"continuan-las-obras-en-san-carlos-con-el-adoquinamiento-de-la-avenida-san-jose","status":"publish","type":"post","link":"https:\/\/labestiapolitica.com.mx\/?p=51828","title":{"rendered":"Contin\u00faan las obras en San Carlos con el adoquinamiento de la avenida San Jos\u00e9."},"content":{"rendered":"<p style=\"text-align: justify;\">El H. Ayuntamiento de Huamantla, que preside Salvador Santos Cedillo, contin\u00faa fortaleciendo la infraestructura vial del municipio con la ejecuci\u00f3n de obras que mejoran la movilidad y la calidad de vida de las familias.<\/p>\n<p style=\"text-align: justify;\">En la unidad habitacional de San Carlos, avanzan los trabajos de adoquinamiento de la avenida San Jos\u00e9, una obra que facilitar\u00e1 el tr\u00e1nsito vehicular y peatonal, beneficiando directamente a las y los vecinos del barrio de San Lucas.<\/p>\n<p style=\"text-align: justify;\">Con acciones como esta, la administraci\u00f3n municipal reafirma su compromiso de atender las necesidades m\u00e1s sentidas de la poblaci\u00f3n, trabajando con esmero, responsabilidad y dedicaci\u00f3n para entregar resultados que transformen la vida de los huamantlecos.<\/p>\n<p style=\"text-align: justify;\">El Gobierno Municipal seguir\u00e1 impulsando obras que fortalezcan el desarrollo urbano y contribuyan al bienestar de todas las familias.<\/p>\n<p>&nbsp;<\/p>\n<p><img loading=\"lazy\" decoding=\"async\" class=\"alignnone wp-image-28405 size-full\" src=\"https:\/\/labestiapolitica.com.mx\/wp-content\/uploads\/2024\/06\/U-NOVA-y-se-diferente.png\" alt=\"\" width=\"1000\" height=\"600\" srcset=\"https:\/\/labestiapolitica.com.mx\/wp-content\/uploads\/2024\/06\/U-NOVA-y-se-diferente.png 1000w, https:\/\/labestiapolitica.com.mx\/wp-content\/uploads\/2024\/06\/U-NOVA-y-se-diferente-300x180.png 300w, https:\/\/labestiapolitica.com.mx\/wp-content\/uploads\/2024\/06\/U-NOVA-y-se-diferente-768x461.png 768w\" sizes=\"auto, (max-width: 1000px) 100vw, 1000px\" \/><\/p>\n","protected":false},"excerpt":{"rendered":"<p>El H. Ayuntamiento de Huamantla, que preside Salvador Santos Cedillo, contin\u00faa fortaleciendo la infraestructura vial del municipio con la ejecuci\u00f3n de obras que mejoran la movilidad y la calidad de vida de las familias. En la unidad habitacional de San Carlos, avanzan los trabajos de adoquinamiento de la avenida San Jos\u00e9, una obra que facilitar\u00e1 [&hellip;]<\/p>\n","protected":false},"author":5,"featured_media":51829,"comment_status":"open","ping_status":"open","sticky":false,"template":"","format":"standard","meta":{"footnotes":""},"categories":[7,220,216],"tags":[],"class_list":["post-51828","post","type-post","status-publish","format-standard","has-post-thumbnail","hentry","category-ciudadanos","category-huamantla","category-municipios"],"amp_enabled":true,"_links":{"self":[{"href":"https:\/\/labestiapolitica.com.mx\/index.php?rest_route=\/wp\/v2\/posts\/51828","targetHints":{"allow":["GET"]}}],"collection":[{"href":"https:\/\/labestiapolitica.com.mx\/index.php?rest_route=\/wp\/v2\/posts"}],"about":[{"href":"https:\/\/labestiapolitica.com.mx\/index.php?rest_route=\/wp\/v2\/types\/post"}],"author":[{"embeddable":true,"href":"https:\/\/labestiapolitica.com.mx\/index.php?rest_route=\/wp\/v2\/users\/5"}],"replies":[{"embeddable":true,"href":"https:\/\/labestiapolitica.com.mx\/index.php?rest_route=%2Fwp%2Fv2%2Fcomments&post=51828"}],"version-history":[{"count":1,"href":"https:\/\/labestiapolitica.com.mx\/index.php?rest_route=\/wp\/v2\/posts\/51828\/revisions"}],"predecessor-version":[{"id":51830,"href":"https:\/\/labestiapolitica.com.mx\/index.php?rest_route=\/wp\/v2\/posts\/51828\/revisions\/51830"}],"wp:featuredmedia":[{"embeddable":true,"href":"https:\/\/labestiapolitica.com.mx\/index.php?rest_route=\/wp\/v2\/media\/51829"}],"wp:attachment":[{"href":"https:\/\/labestiapolitica.com.mx\/index.php?rest_route=%2Fwp%2Fv2%2Fmedia&parent=51828"}],"wp:term":[{"taxonomy":"category","embeddable":true,"href":"https:\/\/labestiapolitica.com.mx\/index.php?rest_route=%2Fwp%2Fv2%2Fcategories&post=51828"},{"taxonomy":"post_tag","embeddable":true,"href":"https:\/\/labestiapolitica.com.mx\/index.php?rest_route=%2Fwp%2Fv2%2Ftags&post=51828"}],"curies":[{"name":"wp","href":"https:\/\/api.w.org\/{rel}","templated":true}]}}