{"id":51881,"date":"2025-10-21T15:28:20","date_gmt":"2025-10-21T21:28:20","guid":{"rendered":"https:\/\/labestiapolitica.com.mx\/?p=51881"},"modified":"2025-10-21T15:28:20","modified_gmt":"2025-10-21T21:28:20","slug":"estudiantes-de-innovacion-educativa-uatx-promueven-el-consumo-responsable-de-informacion-en-la-fleex-2025","status":"publish","type":"post","link":"https:\/\/labestiapolitica.com.mx\/?p=51881","title":{"rendered":"Estudiantes de Innovaci\u00f3n Educativa UATx promueven el consumo responsable de informaci\u00f3n en la FLEEX 2025."},"content":{"rendered":"<ul>\n<li style=\"font-weight: 400; text-align: justify;\">Difunden la educaci\u00f3n medi\u00e1tica que impulsa la UNESCO<\/li>\n<\/ul>\n<p style=\"font-weight: 400; text-align: justify;\">Para promover el pensamiento cr\u00edtico y el consumo responsable de la informaci\u00f3n en medios digitales y redes sociales a trav\u00e9s de una experiencia l\u00fadica basada en la figura del superh\u00e9roe, el Cuerpo Acad\u00e9mico \u00abInnovaci\u00f3n y Comunicaci\u00f3n en Procesos Formativos UATX-CA-244 particip\u00f3 en la Feria de Lectura y Experiencias (FLEEX) 2025 que organizaron el Consejo Puebla de Lectura, el Cuerpo Acad\u00e9mico BUAP 249 y la Secretar\u00eda de Cultura del Estado de Puebla.<\/p>\n<p style=\"font-weight: 400; text-align: justify;\">Fue el pasado 16 de octubre cuando Abigail Reyes Conde, Martha Justina Sastre Cuahutle y Adriana Itzel Acotlzi Espinoza, estudiantes de la Licenciatura en Comunicaci\u00f3n e Innovaci\u00f3n Educativa de la Universidad Aut\u00f3noma de Tlaxcala (UATx), acompa\u00f1adas por la Maestra Diana Corona Barrera, Coordinadora del Programa, presentaron el taller\u00a0\ud835\udc12\ud835\udc2e\ud835\udc29\ud835\udc1e\ud835\udc2b\ud835\udc25\ud835\udc1e\ud835\udc1c\ud835\udc2d\ud835\udc28\ud835\udc2b\ud835\udc1e\ud835\udc2c\u00a0\ud835\udc1d\ud835\udc1e\u00a0\ud835\udc0c\ud835\udc1e\ud835\udc1d\ud835\udc22\ud835\udc28\ud835\udc2c:\u00a0\ud835\udc00\ud835\udc29\ud835\udc2b\ud835\udc1e\ud835\udc27\ud835\udc1d\ud835\udc22\ud835\udc1e\ud835\udc27\ud835\udc1d\ud835\udc28\u00a0\ud835\udc2c\ud835\udc28\ud835\udc1b\ud835\udc2b\ud835\udc1e\u00a0\ud835\udc00\ud835\udc25\ud835\udc1f\ud835\udc1a\ud835\udc1b\ud835\udc1e\ud835\udc2d\ud835\udc22\ud835\udc33\ud835\udc1a\ud835\udc1c\ud835\udc22\ud835\udc28\u0301\ud835\udc27\u00a0\ud835\udc0c\ud835\udc1e\ud835\udc1d\ud835\udc22\ud835\udc1a\u0301\ud835\udc2d\ud835\udc22\ud835\udc1c\ud835\udc1a\u00a0\ud835\udc1e\u00a0\ud835\udc08\ud835\udc27\ud835\udc1f\ud835\udc28\ud835\udc2b\ud835\udc26\ud835\udc1a\ud835\udc1c\ud835\udc22\ud835\udc28\ud835\udc27\ud835\udc1a\ud835\udc25\u00a0en la\u00a0\ud835\udc05\ud835\udc1e\ud835\udc2b\ud835\udc22\ud835\udc1a\u00a0\ud835\udc1d\ud835\udc1e\u00a0\ud835\udc0b\ud835\udc1e\ud835\udc1c\ud835\udc2d\ud835\udc2e\ud835\udc2b\ud835\udc1a\u00a0\ud835\udc32\u00a0\ud835\udc04\ud835\udc31\ud835\udc29\ud835\udc1e\ud835\udc2b\ud835\udc22\ud835\udc1e\ud835\udc27\ud835\udc1c\ud835\udc22\ud835\udc1a\ud835\udc2c\u00a0(\ud835\udc05\ud835\udc0b\ud835\udc04\ud835\udc04\ud835\udc17)\u00a0\ud835\udfd0\ud835\udfce\ud835\udfd0\ud835\udfd3\u00a0en la ciudad de Puebla.<\/p>\n<p style=\"font-weight: 400; text-align: justify;\">Dicha\u00a0 actividad, inspirada en la figura del superh\u00e9roe, promovi\u00f3 entre ni\u00f1as y ni\u00f1os de cuarto grado de la\u00a0\ud835\udc04\ud835\udc2c\ud835\udc1c\ud835\udc2e\ud835\udc1e\ud835\udc25\ud835\udc1a\u00a0\ud835\udc0f\ud835\udc2b\ud835\udc22\ud835\udc26\ud835\udc1a\ud835\udc2b\ud835\udc22\ud835\udc1a\u00a0\u00ab\ud835\udc04\ud835\udc26\ud835\udc29\ud835\udc1e\ud835\udc2b\ud835\udc1a\ud835\udc1d\ud835\udc28\ud835\udc2b\u00a0\ud835\udc02\ud835\udc2e\ud835\udc1a\ud835\udc2e\ud835\udc21\ud835\udc2d\ud835\udc1e\u0301\ud835\udc26\ud835\udc28\ud835\udc1c\u00bb el uso responsable de los medios digitales y la informaci\u00f3n en internet. Mediante el juego, los participantes aprendieron a identificar fuentes confiables, cuestionar los mensajes que consumen y fortalecer habilidades como la creatividad, la empat\u00eda y el pensamiento cr\u00edtico.<\/p>\n<p style=\"font-weight: 400; text-align: justify;\">Las estudiantes representaron con orgullo a la Facultad de Ciencias de la Educaci\u00f3n y al Cuerpo Acad\u00e9mico \u201cInnovaci\u00f3n y Comunicaci\u00f3n en Procesos Formativos\u201d, conjugando conocimiento y pr\u00e1ctica de lo que han recibido a lo largo de su licenciatura con \u00e9nfasis en la educaci\u00f3n medi\u00e1tica, que es un movimiento que impulsa a nivel global la Organizaci\u00f3n de las Naciones Unidas para la Educaci\u00f3n, Ciencia y Cultura (UNESCO).<\/p>\n<p>&nbsp;<\/p>\n<p><img loading=\"lazy\" decoding=\"async\" class=\"alignnone size-full wp-image-28405\" src=\"https:\/\/labestiapolitica.com.mx\/wp-content\/uploads\/2024\/06\/U-NOVA-y-se-diferente.png\" alt=\"\" width=\"1000\" height=\"600\" srcset=\"https:\/\/labestiapolitica.com.mx\/wp-content\/uploads\/2024\/06\/U-NOVA-y-se-diferente.png 1000w, https:\/\/labestiapolitica.com.mx\/wp-content\/uploads\/2024\/06\/U-NOVA-y-se-diferente-300x180.png 300w, https:\/\/labestiapolitica.com.mx\/wp-content\/uploads\/2024\/06\/U-NOVA-y-se-diferente-768x461.png 768w\" sizes=\"auto, (max-width: 1000px) 100vw, 1000px\" \/><\/p>\n","protected":false},"excerpt":{"rendered":"<p>Difunden la educaci\u00f3n medi\u00e1tica que impulsa la UNESCO Para promover el pensamiento cr\u00edtico y el consumo responsable de la informaci\u00f3n en medios digitales y redes sociales a trav\u00e9s de una experiencia l\u00fadica basada en la figura del superh\u00e9roe, el Cuerpo Acad\u00e9mico \u00abInnovaci\u00f3n y Comunicaci\u00f3n en Procesos Formativos UATX-CA-244 particip\u00f3 en la Feria de Lectura y [&hellip;]<\/p>\n","protected":false},"author":3,"featured_media":51882,"comment_status":"open","ping_status":"open","sticky":false,"template":"","format":"standard","meta":{"footnotes":""},"categories":[7,213,241],"tags":[],"class_list":["post-51881","post","type-post","status-publish","format-standard","has-post-thumbnail","hentry","category-ciudadanos","category-educacion","category-uatx"],"amp_enabled":true,"_links":{"self":[{"href":"https:\/\/labestiapolitica.com.mx\/index.php?rest_route=\/wp\/v2\/posts\/51881","targetHints":{"allow":["GET"]}}],"collection":[{"href":"https:\/\/labestiapolitica.com.mx\/index.php?rest_route=\/wp\/v2\/posts"}],"about":[{"href":"https:\/\/labestiapolitica.com.mx\/index.php?rest_route=\/wp\/v2\/types\/post"}],"author":[{"embeddable":true,"href":"https:\/\/labestiapolitica.com.mx\/index.php?rest_route=\/wp\/v2\/users\/3"}],"replies":[{"embeddable":true,"href":"https:\/\/labestiapolitica.com.mx\/index.php?rest_route=%2Fwp%2Fv2%2Fcomments&post=51881"}],"version-history":[{"count":1,"href":"https:\/\/labestiapolitica.com.mx\/index.php?rest_route=\/wp\/v2\/posts\/51881\/revisions"}],"predecessor-version":[{"id":51883,"href":"https:\/\/labestiapolitica.com.mx\/index.php?rest_route=\/wp\/v2\/posts\/51881\/revisions\/51883"}],"wp:featuredmedia":[{"embeddable":true,"href":"https:\/\/labestiapolitica.com.mx\/index.php?rest_route=\/wp\/v2\/media\/51882"}],"wp:attachment":[{"href":"https:\/\/labestiapolitica.com.mx\/index.php?rest_route=%2Fwp%2Fv2%2Fmedia&parent=51881"}],"wp:term":[{"taxonomy":"category","embeddable":true,"href":"https:\/\/labestiapolitica.com.mx\/index.php?rest_route=%2Fwp%2Fv2%2Fcategories&post=51881"},{"taxonomy":"post_tag","embeddable":true,"href":"https:\/\/labestiapolitica.com.mx\/index.php?rest_route=%2Fwp%2Fv2%2Ftags&post=51881"}],"curies":[{"name":"wp","href":"https:\/\/api.w.org\/{rel}","templated":true}]}}