{"id":51895,"date":"2025-10-21T16:19:46","date_gmt":"2025-10-21T22:19:46","guid":{"rendered":"https:\/\/labestiapolitica.com.mx\/?p=51895"},"modified":"2025-10-21T16:23:53","modified_gmt":"2025-10-21T22:23:53","slug":"%f0%9f%8f%9b%ef%b8%8f-reforma-a-la-ley-de-amparo-representa-un-retroceso-en-la-proteccion-de-los-derechos-humanos-diputada-laura-flores-lozano","status":"publish","type":"post","link":"https:\/\/labestiapolitica.com.mx\/?p=51895","title":{"rendered":"\ud83c\udfdb\ufe0f \u201cReforma a la Ley de Amparo representa un retroceso en la protecci\u00f3n de los derechos humanos\u201d: diputada Laura Flores Lozano"},"content":{"rendered":"<p style=\"text-align: justify;\" data-start=\"139\" data-end=\"478\">Durante su participaci\u00f3n en el Congreso del Estado de Tlaxcala, la diputada Laura Yamili Flores Lozano advirti\u00f3 que las recientes reformas a la Ley de Amparo representan un grave retroceso en la defensa de los derechos humanos y en los mecanismos que garantizan el control constitucional frente a los abusos de autoridad.<\/p>\n<p style=\"text-align: justify;\" data-start=\"480\" data-end=\"848\">La legisladora record\u00f3 que desde la Constituci\u00f3n de 1857 y la actual de 1917, el Juicio de Amparo ha sido una herramienta esencial para proteger a las y los ciudadanos frente a actos que vulneran sus derechos. Sin embargo, afirm\u00f3 que las modificaciones aprobadas \u201climitan el acceso a la justicia y favorecen el poder discrecional de las autoridades\u201d.<\/p>\n<p style=\"text-align: justify;\" data-start=\"850\" data-end=\"1037\">\u201cLejos de fortalecer el sistema de protecci\u00f3n de los derechos humanos, esta reforma restringe libertades, elimina controles y concentra poder en el gobierno\u201d, expres\u00f3 Flores Lozano.<\/p>\n<p style=\"text-align: justify;\" data-start=\"1039\" data-end=\"1269\">La diputada explic\u00f3 que, si bien la reforma contempla algunos avances como plazos m\u00e1s breves y el impulso al juicio en l\u00ednea, tambi\u00e9n contiene cuatro puntos cr\u00edticos que ponen en riesgo los derechos de la ciudadan\u00eda:<\/p>\n<p style=\"text-align: justify;\" data-start=\"1271\" data-end=\"1825\">1\ufe0f\u20e3 Limita el inter\u00e9s leg\u00edtimo, impidiendo que organizaciones, activistas o ciudadanos promuevan amparos por causas colectivas como medio ambiente o salud.<br data-start=\"1430\" data-end=\"1433\" \/>2\ufe0f\u20e3 Pretende aplicarse con efectos retroactivos, violando el art\u00edculo 14 constitucional.<br data-start=\"1525\" data-end=\"1528\" \/>3\ufe0f\u20e3 Otorga discrecionalidad a las autoridades para no cumplir sentencias bajo pretexto de \u201cimposibilidad jur\u00eddica o material\u201d.<br data-start=\"1658\" data-end=\"1661\" \/>4\ufe0f\u20e3 Elimina las suspensiones provisionales, dejando sin protecci\u00f3n inmediata a personas que enfrentan actos de autoridad que pueden causar da\u00f1os irreparables.<\/p>\n<p style=\"text-align: justify;\" data-start=\"1827\" data-end=\"1964\">\u201cEl amparo pierde su esencia: si ya se caus\u00f3 el da\u00f1o y no hay forma de repararlo, \u00bfde qu\u00e9 sirve promoverlo?\u201d, cuestion\u00f3 la legisladora.<\/p>\n<p style=\"text-align: justify;\" data-start=\"1966\" data-end=\"2191\">Flores Lozano consider\u00f3 que esta reforma forma parte de una estrategia autoritaria del oficialismo para debilitar los contrapesos democr\u00e1ticos y reducir la capacidad ciudadana de defensa ante decisiones arbitrarias.<\/p>\n<p style=\"text-align: justify;\" data-start=\"2193\" data-end=\"2403\">\u201cEstamos frente a un intento por reinstalar un r\u00e9gimen de partido casi \u00fanico, que ha debilitado al Poder Judicial, desmantelado organismos aut\u00f3nomos y ahora pretende limitar el acceso a la justicia\u201d, subray\u00f3.<\/p>\n<p style=\"text-align: justify;\" data-start=\"2405\" data-end=\"2726\">Finalmente, la diputada llam\u00f3 a corregir los aspectos m\u00e1s regresivos de la reforma y proteger la libertad y la seguridad jur\u00eddica de todas y todos los mexicanos.<br data-start=\"2570\" data-end=\"2573\" \/>\u201cEl amparo es el \u00faltimo refugio frente a la arbitrariedad. Si lo debilitamos, dejamos a la ciudadan\u00eda sin defensa ante los abusos del poder\u201d, concluy\u00f3.<\/p>\n<p data-start=\"2405\" data-end=\"2726\"><img loading=\"lazy\" decoding=\"async\" class=\"alignnone size-full wp-image-51897\" src=\"https:\/\/labestiapolitica.com.mx\/wp-content\/uploads\/2025\/10\/WhatsApp-Image-2025-10-21-at-2.40.36-PM-2.jpeg\" alt=\"\" width=\"1280\" height=\"856\" srcset=\"https:\/\/labestiapolitica.com.mx\/wp-content\/uploads\/2025\/10\/WhatsApp-Image-2025-10-21-at-2.40.36-PM-2.jpeg 1280w, https:\/\/labestiapolitica.com.mx\/wp-content\/uploads\/2025\/10\/WhatsApp-Image-2025-10-21-at-2.40.36-PM-2-300x201.jpeg 300w, https:\/\/labestiapolitica.com.mx\/wp-content\/uploads\/2025\/10\/WhatsApp-Image-2025-10-21-at-2.40.36-PM-2-1024x685.jpeg 1024w, https:\/\/labestiapolitica.com.mx\/wp-content\/uploads\/2025\/10\/WhatsApp-Image-2025-10-21-at-2.40.36-PM-2-768x514.jpeg 768w\" sizes=\"auto, (max-width: 1280px) 100vw, 1280px\" \/> <img loading=\"lazy\" decoding=\"async\" class=\"alignnone size-full wp-image-51898\" src=\"https:\/\/labestiapolitica.com.mx\/wp-content\/uploads\/2025\/10\/WhatsApp-Image-2025-10-21-at-2.40.36-PM-1.jpeg\" alt=\"\" width=\"1280\" height=\"856\" srcset=\"https:\/\/labestiapolitica.com.mx\/wp-content\/uploads\/2025\/10\/WhatsApp-Image-2025-10-21-at-2.40.36-PM-1.jpeg 1280w, https:\/\/labestiapolitica.com.mx\/wp-content\/uploads\/2025\/10\/WhatsApp-Image-2025-10-21-at-2.40.36-PM-1-300x201.jpeg 300w, https:\/\/labestiapolitica.com.mx\/wp-content\/uploads\/2025\/10\/WhatsApp-Image-2025-10-21-at-2.40.36-PM-1-1024x685.jpeg 1024w, https:\/\/labestiapolitica.com.mx\/wp-content\/uploads\/2025\/10\/WhatsApp-Image-2025-10-21-at-2.40.36-PM-1-768x514.jpeg 768w\" sizes=\"auto, (max-width: 1280px) 100vw, 1280px\" \/> <img loading=\"lazy\" decoding=\"async\" class=\"alignnone size-full wp-image-51899\" src=\"https:\/\/labestiapolitica.com.mx\/wp-content\/uploads\/2025\/10\/WhatsApp-Image-2025-10-21-at-2.40.36-PM.jpeg\" alt=\"\" width=\"1280\" height=\"856\" srcset=\"https:\/\/labestiapolitica.com.mx\/wp-content\/uploads\/2025\/10\/WhatsApp-Image-2025-10-21-at-2.40.36-PM.jpeg 1280w, https:\/\/labestiapolitica.com.mx\/wp-content\/uploads\/2025\/10\/WhatsApp-Image-2025-10-21-at-2.40.36-PM-300x201.jpeg 300w, https:\/\/labestiapolitica.com.mx\/wp-content\/uploads\/2025\/10\/WhatsApp-Image-2025-10-21-at-2.40.36-PM-1024x685.jpeg 1024w, https:\/\/labestiapolitica.com.mx\/wp-content\/uploads\/2025\/10\/WhatsApp-Image-2025-10-21-at-2.40.36-PM-768x514.jpeg 768w\" sizes=\"auto, (max-width: 1280px) 100vw, 1280px\" \/><\/p>\n<p data-start=\"2405\" data-end=\"2726\"><img loading=\"lazy\" decoding=\"async\" class=\"alignnone size-full wp-image-51744\" src=\"https:\/\/labestiapolitica.com.mx\/wp-content\/uploads\/2025\/10\/WhatsApp-Image-2025-10-07-at-12.05.56-PM-1.jpeg\" alt=\"\" width=\"1080\" height=\"1080\" srcset=\"https:\/\/labestiapolitica.com.mx\/wp-content\/uploads\/2025\/10\/WhatsApp-Image-2025-10-07-at-12.05.56-PM-1.jpeg 1080w, https:\/\/labestiapolitica.com.mx\/wp-content\/uploads\/2025\/10\/WhatsApp-Image-2025-10-07-at-12.05.56-PM-1-300x300.jpeg 300w, https:\/\/labestiapolitica.com.mx\/wp-content\/uploads\/2025\/10\/WhatsApp-Image-2025-10-07-at-12.05.56-PM-1-1024x1024.jpeg 1024w, https:\/\/labestiapolitica.com.mx\/wp-content\/uploads\/2025\/10\/WhatsApp-Image-2025-10-07-at-12.05.56-PM-1-150x150.jpeg 150w, https:\/\/labestiapolitica.com.mx\/wp-content\/uploads\/2025\/10\/WhatsApp-Image-2025-10-07-at-12.05.56-PM-1-768x768.jpeg 768w\" sizes=\"auto, (max-width: 1080px) 100vw, 1080px\" \/><\/p>\n","protected":false},"excerpt":{"rendered":"<p>Durante su participaci\u00f3n en el Congreso del Estado de Tlaxcala, la diputada Laura Yamili Flores Lozano advirti\u00f3 que las recientes reformas a la Ley de Amparo representan un grave retroceso en la defensa de los derechos humanos y en los mecanismos que garantizan el control constitucional frente a los abusos de autoridad. La legisladora record\u00f3 [&hellip;]<\/p>\n","protected":false},"author":3,"featured_media":51902,"comment_status":"open","ping_status":"open","sticky":false,"template":"","format":"standard","meta":{"footnotes":""},"categories":[224,247],"tags":[],"class_list":["post-51895","post","type-post","status-publish","format-standard","has-post-thumbnail","hentry","category-congreso-del-estado-de-tlaxcala","category-politica"],"amp_enabled":true,"_links":{"self":[{"href":"https:\/\/labestiapolitica.com.mx\/index.php?rest_route=\/wp\/v2\/posts\/51895","targetHints":{"allow":["GET"]}}],"collection":[{"href":"https:\/\/labestiapolitica.com.mx\/index.php?rest_route=\/wp\/v2\/posts"}],"about":[{"href":"https:\/\/labestiapolitica.com.mx\/index.php?rest_route=\/wp\/v2\/types\/post"}],"author":[{"embeddable":true,"href":"https:\/\/labestiapolitica.com.mx\/index.php?rest_route=\/wp\/v2\/users\/3"}],"replies":[{"embeddable":true,"href":"https:\/\/labestiapolitica.com.mx\/index.php?rest_route=%2Fwp%2Fv2%2Fcomments&post=51895"}],"version-history":[{"count":1,"href":"https:\/\/labestiapolitica.com.mx\/index.php?rest_route=\/wp\/v2\/posts\/51895\/revisions"}],"predecessor-version":[{"id":51901,"href":"https:\/\/labestiapolitica.com.mx\/index.php?rest_route=\/wp\/v2\/posts\/51895\/revisions\/51901"}],"wp:featuredmedia":[{"embeddable":true,"href":"https:\/\/labestiapolitica.com.mx\/index.php?rest_route=\/wp\/v2\/media\/51902"}],"wp:attachment":[{"href":"https:\/\/labestiapolitica.com.mx\/index.php?rest_route=%2Fwp%2Fv2%2Fmedia&parent=51895"}],"wp:term":[{"taxonomy":"category","embeddable":true,"href":"https:\/\/labestiapolitica.com.mx\/index.php?rest_route=%2Fwp%2Fv2%2Fcategories&post=51895"},{"taxonomy":"post_tag","embeddable":true,"href":"https:\/\/labestiapolitica.com.mx\/index.php?rest_route=%2Fwp%2Fv2%2Ftags&post=51895"}],"curies":[{"name":"wp","href":"https:\/\/api.w.org\/{rel}","templated":true}]}}