{"id":51907,"date":"2025-10-21T19:00:25","date_gmt":"2025-10-22T01:00:25","guid":{"rendered":"https:\/\/labestiapolitica.com.mx\/?p=51907"},"modified":"2025-11-20T11:36:35","modified_gmt":"2025-11-20T17:36:35","slug":"%f0%9f%8e%97-emiliano-zapata-promueve-la-prevencion-y-deteccion-oportuna-del-cancer-de-mama","status":"publish","type":"post","link":"https:\/\/labestiapolitica.com.mx\/?p=51907","title":{"rendered":"\ud83c\udf97 Emiliano Zapata promueve la prevenci\u00f3n y detecci\u00f3n oportuna del c\u00e1ncer de mama"},"content":{"rendered":"<p data-start=\"228\" data-end=\"583\"><strong data-start=\"228\" data-end=\"280\">Emiliano Zapata, Tlax., a 21 de octubre de 2025.<\/strong>\u2013 En el marco del <em data-start=\"298\" data-end=\"354\">D\u00eda Internacional de la Lucha contra el C\u00e1ncer de Mama<\/em>, el personal m\u00e9dico del <strong data-start=\"379\" data-end=\"398\">Centro de Salud<\/strong> llev\u00f3 a cabo una <strong data-start=\"416\" data-end=\"436\">pl\u00e1tica y taller<\/strong> dirigida a mam\u00e1s y tutoras beneficiarias de los programas de <em data-start=\"498\" data-end=\"509\">1000 d\u00edas<\/em> y <em data-start=\"512\" data-end=\"527\">de 2 a 5 a\u00f1os<\/em>, as\u00ed como a personal de la <strong data-start=\"555\" data-end=\"580\">Presidencia Municipal<\/strong>.<\/p>\n<p data-start=\"585\" data-end=\"851\">Durante la jornada, se abordaron temas sobre la <strong data-start=\"633\" data-end=\"655\">detecci\u00f3n temprana<\/strong>, la <strong data-start=\"660\" data-end=\"687\">autoexploraci\u00f3n mamaria<\/strong> y la importancia de acudir a revisiones m\u00e9dicas peri\u00f3dicas, con el prop\u00f3sito de fomentar la <strong data-start=\"780\" data-end=\"816\">concientizaci\u00f3n y el autocuidado<\/strong> entre las mujeres del municipio.<\/p>\n<p data-start=\"853\" data-end=\"1047\">Estas actividades forman parte de las acciones que impulsa el Ayuntamiento de Emiliano Zapata para fortalecer la <strong data-start=\"966\" data-end=\"986\">salud preventiva<\/strong> y promover una cultura de atenci\u00f3n integral a las mujeres.<\/p>\n<p data-start=\"1049\" data-end=\"1149\">\ud83d\udc96 Con informaci\u00f3n, cercan\u00eda y compromiso, Emiliano Zapata sigue <strong data-start=\"1114\" data-end=\"1146\">construyendo un mejor futuro<\/strong>.<\/p>\n<p data-start=\"1151\" data-end=\"1224\">#D\u00edaContraElC\u00e1ncerDeMama<br data-start=\"1175\" data-end=\"1178\" \/>#EmilianoZapata<br data-start=\"1193\" data-end=\"1196\" \/>#ConstruyendoUnMejorFuturo<\/p>\n","protected":false},"excerpt":{"rendered":"<p>Emiliano Zapata, Tlax., a 21 de octubre de 2025.\u2013 En el marco del D\u00eda Internacional de la Lucha contra el C\u00e1ncer de Mama, el personal m\u00e9dico del Centro de Salud llev\u00f3 a cabo una pl\u00e1tica y taller dirigida a mam\u00e1s y tutoras beneficiarias de los programas de 1000 d\u00edas y de 2 a 5 a\u00f1os, [&hellip;]<\/p>\n","protected":false},"author":3,"featured_media":51908,"comment_status":"open","ping_status":"open","sticky":false,"template":"","format":"standard","meta":{"footnotes":""},"categories":[12,243,216],"tags":[],"class_list":["post-51907","post","type-post","status-publish","format-standard","has-post-thumbnail","hentry","category-brujula-2026","category-emiliano-zapata","category-municipios"],"amp_enabled":true,"_links":{"self":[{"href":"https:\/\/labestiapolitica.com.mx\/index.php?rest_route=\/wp\/v2\/posts\/51907","targetHints":{"allow":["GET"]}}],"collection":[{"href":"https:\/\/labestiapolitica.com.mx\/index.php?rest_route=\/wp\/v2\/posts"}],"about":[{"href":"https:\/\/labestiapolitica.com.mx\/index.php?rest_route=\/wp\/v2\/types\/post"}],"author":[{"embeddable":true,"href":"https:\/\/labestiapolitica.com.mx\/index.php?rest_route=\/wp\/v2\/users\/3"}],"replies":[{"embeddable":true,"href":"https:\/\/labestiapolitica.com.mx\/index.php?rest_route=%2Fwp%2Fv2%2Fcomments&post=51907"}],"version-history":[{"count":1,"href":"https:\/\/labestiapolitica.com.mx\/index.php?rest_route=\/wp\/v2\/posts\/51907\/revisions"}],"predecessor-version":[{"id":51909,"href":"https:\/\/labestiapolitica.com.mx\/index.php?rest_route=\/wp\/v2\/posts\/51907\/revisions\/51909"}],"wp:featuredmedia":[{"embeddable":true,"href":"https:\/\/labestiapolitica.com.mx\/index.php?rest_route=\/wp\/v2\/media\/51908"}],"wp:attachment":[{"href":"https:\/\/labestiapolitica.com.mx\/index.php?rest_route=%2Fwp%2Fv2%2Fmedia&parent=51907"}],"wp:term":[{"taxonomy":"category","embeddable":true,"href":"https:\/\/labestiapolitica.com.mx\/index.php?rest_route=%2Fwp%2Fv2%2Fcategories&post=51907"},{"taxonomy":"post_tag","embeddable":true,"href":"https:\/\/labestiapolitica.com.mx\/index.php?rest_route=%2Fwp%2Fv2%2Ftags&post=51907"}],"curies":[{"name":"wp","href":"https:\/\/api.w.org\/{rel}","templated":true}]}}