{"id":51923,"date":"2025-10-22T00:48:43","date_gmt":"2025-10-22T06:48:43","guid":{"rendered":"https:\/\/labestiapolitica.com.mx\/?p=51923"},"modified":"2025-10-22T00:48:43","modified_gmt":"2025-10-22T06:48:43","slug":"ayuntamiento-de-tlaxcala-invita-a-la-poblacion-a-participar-en-la-encuesta-intercensal-2025-del-inegi","status":"publish","type":"post","link":"https:\/\/labestiapolitica.com.mx\/?p=51923","title":{"rendered":"Ayuntamiento de Tlaxcala invita a la poblaci\u00f3n a participar en la Encuesta Intercensal 2025 del INEGI."},"content":{"rendered":"<p style=\"text-align: justify;\">El Ayuntamiento de Tlaxcala abri\u00f3 sus puertas a los encuestadores del Instituto Nacional de Estad\u00edstica y Geograf\u00eda (INEGI), quienes se encuentran recorriendo el municipio para aplicar la Encuesta Intercensal 2025, ejercicio nacional que busca conocer cu\u00e1ntos somos y c\u00f3mo vivimos en M\u00e9xico.<\/p>\n<p style=\"text-align: justify;\">Durante el encuentro, la s\u00edndica municipal Ivonne Hern\u00e1ndez Blancas, en representaci\u00f3n del alcalde Alfonso S\u00e1nchez Garc\u00eda, sostuvo un di\u00e1logo con los entrevistadores para conocer los retos que enfrentan en campo, especialmente ante el desconocimiento de la ciudadan\u00eda sobre la importancia de esta encuesta y el procedimiento.<\/p>\n<p style=\"text-align: justify;\">De esta manera, Hern\u00e1ndez Blancas expres\u00f3 el respaldo de la administraci\u00f3n 2024-2027 hacia la labor del INEGI y reconoci\u00f3 su papel esencial para la planeaci\u00f3n y el desarrollo del pa\u00eds.<\/p>\n<p style=\"text-align: justify;\">La Encuesta Intercensal 2025 se realiza a mitad del periodo comprendido entre el Censo de Poblaci\u00f3n y Vivienda 2020 y el que se efectuar\u00e1 en 2030, con el objetivo de actualizar la informaci\u00f3n sociodemogr\u00e1fica del pa\u00eds.<\/p>\n<p style=\"text-align: justify;\">Los datos obtenidos ser\u00e1n fundamentales para que los tres niveles de gobierno, as\u00ed como los distintos sectores de la sociedad, puedan dise\u00f1ar y evaluar pol\u00edticas p\u00fablicas m\u00e1s efectivas.<\/p>\n<p style=\"text-align: justify;\">Los encuestadores informaron que estar\u00e1n visitando las comunidades y delegaciones del municipio de Tlaxcala del 6 de octubre al 14 de noviembre, por lo que invitan a la poblaci\u00f3n a participar. Cabe destacar que cualquier habitante de la vivienda mayor de 18 a\u00f1os puede contestar la encuesta.<\/p>\n<p style=\"text-align: justify;\">Entre los temas que aborda la encuesta se encuentran: edad, sexo, situaci\u00f3n conyugal, escolaridad, acceso a servicios de salud, caracter\u00edsticas de la vivienda, servicios b\u00e1sicos, empleo, movilidad, tecnolog\u00edas de la informaci\u00f3n y alimentaci\u00f3n, todos los datos recabados son estrictamente confidenciales.<\/p>\n<p style=\"text-align: justify;\">Para generar confianza, los entrevistadores se identifican plenamente, portan chaleco, gorro y mochila con los logotipos del INEGI, adem\u00e1s de una credencial visible con fotograf\u00eda, nombre, n\u00famero de folio y un c\u00f3digo QR que permite verificar su autenticidad en la p\u00e1gina www.intercensal2025.mx<\/p>\n<p style=\"text-align: justify;\">De esta manera, el Gobierno Municipal de Tlaxcala respalda estas acciones que fortalecen el conocimiento de la poblaci\u00f3n y promueven una participaci\u00f3n ciudadana informada.<\/p>\n<p>&nbsp;<\/p>\n<p><img loading=\"lazy\" decoding=\"async\" class=\"alignnone wp-image-28405 size-full\" src=\"https:\/\/labestiapolitica.com.mx\/wp-content\/uploads\/2024\/06\/U-NOVA-y-se-diferente.png\" alt=\"\" width=\"1000\" height=\"600\" srcset=\"https:\/\/labestiapolitica.com.mx\/wp-content\/uploads\/2024\/06\/U-NOVA-y-se-diferente.png 1000w, https:\/\/labestiapolitica.com.mx\/wp-content\/uploads\/2024\/06\/U-NOVA-y-se-diferente-300x180.png 300w, https:\/\/labestiapolitica.com.mx\/wp-content\/uploads\/2024\/06\/U-NOVA-y-se-diferente-768x461.png 768w\" sizes=\"auto, (max-width: 1000px) 100vw, 1000px\" \/><\/p>\n","protected":false},"excerpt":{"rendered":"<p>El Ayuntamiento de Tlaxcala abri\u00f3 sus puertas a los encuestadores del Instituto Nacional de Estad\u00edstica y Geograf\u00eda (INEGI), quienes se encuentran recorriendo el municipio para aplicar la Encuesta Intercensal 2025, ejercicio nacional que busca conocer cu\u00e1ntos somos y c\u00f3mo vivimos en M\u00e9xico. Durante el encuentro, la s\u00edndica municipal Ivonne Hern\u00e1ndez Blancas, en representaci\u00f3n del alcalde [&hellip;]<\/p>\n","protected":false},"author":5,"featured_media":51924,"comment_status":"open","ping_status":"open","sticky":false,"template":"","format":"standard","meta":{"footnotes":""},"categories":[7,216,214],"tags":[],"class_list":["post-51923","post","type-post","status-publish","format-standard","has-post-thumbnail","hentry","category-ciudadanos","category-municipios","category-tlaxcala-capital"],"amp_enabled":true,"_links":{"self":[{"href":"https:\/\/labestiapolitica.com.mx\/index.php?rest_route=\/wp\/v2\/posts\/51923","targetHints":{"allow":["GET"]}}],"collection":[{"href":"https:\/\/labestiapolitica.com.mx\/index.php?rest_route=\/wp\/v2\/posts"}],"about":[{"href":"https:\/\/labestiapolitica.com.mx\/index.php?rest_route=\/wp\/v2\/types\/post"}],"author":[{"embeddable":true,"href":"https:\/\/labestiapolitica.com.mx\/index.php?rest_route=\/wp\/v2\/users\/5"}],"replies":[{"embeddable":true,"href":"https:\/\/labestiapolitica.com.mx\/index.php?rest_route=%2Fwp%2Fv2%2Fcomments&post=51923"}],"version-history":[{"count":1,"href":"https:\/\/labestiapolitica.com.mx\/index.php?rest_route=\/wp\/v2\/posts\/51923\/revisions"}],"predecessor-version":[{"id":51925,"href":"https:\/\/labestiapolitica.com.mx\/index.php?rest_route=\/wp\/v2\/posts\/51923\/revisions\/51925"}],"wp:featuredmedia":[{"embeddable":true,"href":"https:\/\/labestiapolitica.com.mx\/index.php?rest_route=\/wp\/v2\/media\/51924"}],"wp:attachment":[{"href":"https:\/\/labestiapolitica.com.mx\/index.php?rest_route=%2Fwp%2Fv2%2Fmedia&parent=51923"}],"wp:term":[{"taxonomy":"category","embeddable":true,"href":"https:\/\/labestiapolitica.com.mx\/index.php?rest_route=%2Fwp%2Fv2%2Fcategories&post=51923"},{"taxonomy":"post_tag","embeddable":true,"href":"https:\/\/labestiapolitica.com.mx\/index.php?rest_route=%2Fwp%2Fv2%2Ftags&post=51923"}],"curies":[{"name":"wp","href":"https:\/\/api.w.org\/{rel}","templated":true}]}}