{"id":51926,"date":"2025-10-22T00:54:37","date_gmt":"2025-10-22T06:54:37","guid":{"rendered":"https:\/\/labestiapolitica.com.mx\/?p=51926"},"modified":"2025-10-22T00:54:37","modified_gmt":"2025-10-22T06:54:37","slug":"la-prevencion-puede-salvar-vidas-alfonso-sanchez-garcia","status":"publish","type":"post","link":"https:\/\/labestiapolitica.com.mx\/?p=51926","title":{"rendered":"La prevenci\u00f3n puede salvar vidas: Alfonso S\u00e1nchez Garc\u00eda."},"content":{"rendered":"<p style=\"text-align: justify;\">El presidente municipal de Tlaxcala, Alfonso S\u00e1nchez Garc\u00eda, particip\u00f3 en la Caminata Rosa organizada por el Sistema Estatal para el Desarrollo Integral de la Familia (SEDIF) en Tlaxcala, en el marco del mes de sensibilizaci\u00f3n contra el c\u00e1ncer de mama. Durante el evento, hizo un llamado a las mujeres de la capital a realizarse chequeos m\u00e9dicos de manera oportuna, recordando que la prevenci\u00f3n puede salvar vidas.<\/p>\n<p style=\"text-align: justify;\">En este evento encabezado por la gobernadora Lorena Cu\u00e9llar Cisneros, as\u00ed como por Mariana y Fernanda Espinosa de los Monteros Cu\u00e9llar, el alcalde reafirm\u00f3 el compromiso del Ayuntamiento y del DIF municipal para seguir impulsando acciones que fortalezcan el bienestar y la salud de las mujeres tlaxcaltecas.<\/p>\n<p style=\"text-align: justify;\">Por \u00faltimo, destac\u00f3 que este tipo de actividades generan conciencia y unen esfuerzos entre los distintos niveles de gobierno para acercar servicios de salud gratuitos y atenci\u00f3n oportuna a quienes m\u00e1s lo necesitan.<\/p>\n<p>&nbsp;<\/p>\n<p><img loading=\"lazy\" decoding=\"async\" class=\"alignnone wp-image-28405 size-full\" src=\"https:\/\/labestiapolitica.com.mx\/wp-content\/uploads\/2024\/06\/U-NOVA-y-se-diferente.png\" alt=\"\" width=\"1000\" height=\"600\" srcset=\"https:\/\/labestiapolitica.com.mx\/wp-content\/uploads\/2024\/06\/U-NOVA-y-se-diferente.png 1000w, https:\/\/labestiapolitica.com.mx\/wp-content\/uploads\/2024\/06\/U-NOVA-y-se-diferente-300x180.png 300w, https:\/\/labestiapolitica.com.mx\/wp-content\/uploads\/2024\/06\/U-NOVA-y-se-diferente-768x461.png 768w\" sizes=\"auto, (max-width: 1000px) 100vw, 1000px\" \/><\/p>\n<p>&nbsp;<\/p>\n","protected":false},"excerpt":{"rendered":"<p>El presidente municipal de Tlaxcala, Alfonso S\u00e1nchez Garc\u00eda, particip\u00f3 en la Caminata Rosa organizada por el Sistema Estatal para el Desarrollo Integral de la Familia (SEDIF) en Tlaxcala, en el marco del mes de sensibilizaci\u00f3n contra el c\u00e1ncer de mama. Durante el evento, hizo un llamado a las mujeres de la capital a realizarse chequeos [&hellip;]<\/p>\n","protected":false},"author":5,"featured_media":51927,"comment_status":"open","ping_status":"open","sticky":false,"template":"","format":"standard","meta":{"footnotes":""},"categories":[7,216,214],"tags":[],"class_list":["post-51926","post","type-post","status-publish","format-standard","has-post-thumbnail","hentry","category-ciudadanos","category-municipios","category-tlaxcala-capital"],"amp_enabled":true,"_links":{"self":[{"href":"https:\/\/labestiapolitica.com.mx\/index.php?rest_route=\/wp\/v2\/posts\/51926","targetHints":{"allow":["GET"]}}],"collection":[{"href":"https:\/\/labestiapolitica.com.mx\/index.php?rest_route=\/wp\/v2\/posts"}],"about":[{"href":"https:\/\/labestiapolitica.com.mx\/index.php?rest_route=\/wp\/v2\/types\/post"}],"author":[{"embeddable":true,"href":"https:\/\/labestiapolitica.com.mx\/index.php?rest_route=\/wp\/v2\/users\/5"}],"replies":[{"embeddable":true,"href":"https:\/\/labestiapolitica.com.mx\/index.php?rest_route=%2Fwp%2Fv2%2Fcomments&post=51926"}],"version-history":[{"count":1,"href":"https:\/\/labestiapolitica.com.mx\/index.php?rest_route=\/wp\/v2\/posts\/51926\/revisions"}],"predecessor-version":[{"id":51928,"href":"https:\/\/labestiapolitica.com.mx\/index.php?rest_route=\/wp\/v2\/posts\/51926\/revisions\/51928"}],"wp:featuredmedia":[{"embeddable":true,"href":"https:\/\/labestiapolitica.com.mx\/index.php?rest_route=\/wp\/v2\/media\/51927"}],"wp:attachment":[{"href":"https:\/\/labestiapolitica.com.mx\/index.php?rest_route=%2Fwp%2Fv2%2Fmedia&parent=51926"}],"wp:term":[{"taxonomy":"category","embeddable":true,"href":"https:\/\/labestiapolitica.com.mx\/index.php?rest_route=%2Fwp%2Fv2%2Fcategories&post=51926"},{"taxonomy":"post_tag","embeddable":true,"href":"https:\/\/labestiapolitica.com.mx\/index.php?rest_route=%2Fwp%2Fv2%2Ftags&post=51926"}],"curies":[{"name":"wp","href":"https:\/\/api.w.org\/{rel}","templated":true}]}}