{"id":51932,"date":"2025-10-22T01:08:01","date_gmt":"2025-10-22T07:08:01","guid":{"rendered":"https:\/\/labestiapolitica.com.mx\/?p=51932"},"modified":"2025-10-22T01:08:01","modified_gmt":"2025-10-22T07:08:01","slug":"tlaxcala-capital-se-ubica-entre-los-26-municipios-con-mayor-desarrollo-humano-del-pais-pnud","status":"publish","type":"post","link":"https:\/\/labestiapolitica.com.mx\/?p=51932","title":{"rendered":"Tlaxcala Capital se ubica entre los 26 municipios con mayor desarrollo humano del pa\u00eds: PNUD."},"content":{"rendered":"<p style=\"text-align: justify;\">El presidente Alfonso S\u00e1nchez Garc\u00eda se integra al primer grupo de Latinoam\u00e9rica que buscar\u00e1 fortalecer las pol\u00edticas locales orientadas al bienestar humano<\/p>\n<p>La capital tlaxcalteca fue reconocida por el Programa de las Naciones Unidas para el Desarrollo (PNUD) como uno de los 26 municipios de M\u00e9xico con mayor \u00cdndice de Desarrollo Humano (IDH), con lo que se integr\u00f3 as\u00ed al primer grupo de trabajo en Latinoam\u00e9rica enfocado a fortalecer las pol\u00edticas locales orientadas al bienestar de las personas.<\/p>\n<p style=\"text-align: justify;\">El presidente municipal de Tlaxcala, Alfonso S\u00e1nchez Garc\u00eda, particip\u00f3 en la reuni\u00f3n virtual presidida por Daniel Vargas, representante residente del PNUD en M\u00e9xico, que tuvo como objetivo consolidar esta agrupaci\u00f3n\u2014en la que la capital se ubica en el sitio n\u00famero 9\u2014 para intercambiar ideas, identificar sinergias y exponer mecanismos de colaboraci\u00f3n que permitan posicionar a estos municipios como referentes nacionales de un desarrollo sostenible.<\/p>\n<p style=\"text-align: justify;\">Durante este encuentro, se acord\u00f3 la creaci\u00f3n de una agenda com\u00fan de trabajo para compartir buenas pr\u00e1cticas de desarrollo humano, promover el cumplimiento de los Objetivos de Desarrollo Sostenible (ODS) y posicionar a los gobiernos locales como referentes de gesti\u00f3n eficaz, sostenible y con rostro humano.<\/p>\n<p style=\"text-align: justify;\">El alcalde Alfonso S\u00e1nchez Garc\u00eda destac\u00f3 que de esta forma Tlaxcala levanta la mano para compartir lo bueno que se est\u00e1 haciendo en la capital del estado en materia de bienestar y desarrollo integral.<\/p>\n<p style=\"text-align: justify;\">\u201cEste reconocimiento refleja el esfuerzo conjunto de las y los tlaxcaltecas por construir una capital con oportunidades, justicia social y calidad de vida. Ser parte del Grupo 26 M de la PNUD nos abre puertas para aprender, colaborar e impulsar una agenda en favor de las personas\u201d, subray\u00f3 el edil capitalino.<\/p>\n<p style=\"text-align: justify;\">\nEn su oportunidad, Daniel Vargas remarc\u00f3 que a poco menos de cinco a\u00f1os de la fecha propuesta por la Agenda 2030 \u201ces claro que se necesitan articulaciones, nuevas formas de colaboraci\u00f3n y liderazgo para lograr los objetivos\u201d.<\/p>\n<p style=\"text-align: justify;\">Adem\u00e1s, expuso que los municipios presentes en esta reuni\u00f3n virtual han demostrado con hechos y resultados que es posible avanzar hacia un desarrollo centrado en las personas. Y agreg\u00f3 que su liderazgo no s\u00f3lo es valioso, sino necesario para inspirar y guiar a otros territorios del pa\u00eds.<\/p>\n<p style=\"text-align: justify;\">Cabe destacar que, de entre m\u00e1s de 2,400 municipios del pa\u00eds, s\u00f3lo 26 fueron reconocidos por el PNUD por alcanzar los m\u00e1s altos niveles en el \u00cdndice de Desarrollo Humano. Entre ellos se encuentran: Benito Ju\u00e1rez y Cuauht\u00e9moc en la Ciudad de M\u00e9xico; Monterrey y San Pedro Garza Garc\u00eda, en Nuevo Le\u00f3n; Corregidora, en Quer\u00e9taro; M\u00e9rida, en Yucat\u00e1n; Orizaba, en Veracruz; y Tlaxcala capital.<\/p>\n<p>&nbsp;<\/p>\n<p><img loading=\"lazy\" decoding=\"async\" class=\"alignnone wp-image-28405 size-full\" src=\"https:\/\/labestiapolitica.com.mx\/wp-content\/uploads\/2024\/06\/U-NOVA-y-se-diferente.png\" alt=\"\" width=\"1000\" height=\"600\" srcset=\"https:\/\/labestiapolitica.com.mx\/wp-content\/uploads\/2024\/06\/U-NOVA-y-se-diferente.png 1000w, https:\/\/labestiapolitica.com.mx\/wp-content\/uploads\/2024\/06\/U-NOVA-y-se-diferente-300x180.png 300w, https:\/\/labestiapolitica.com.mx\/wp-content\/uploads\/2024\/06\/U-NOVA-y-se-diferente-768x461.png 768w\" sizes=\"auto, (max-width: 1000px) 100vw, 1000px\" \/><\/p>\n","protected":false},"excerpt":{"rendered":"<p>El presidente Alfonso S\u00e1nchez Garc\u00eda se integra al primer grupo de Latinoam\u00e9rica que buscar\u00e1 fortalecer las pol\u00edticas locales orientadas al bienestar humano La capital tlaxcalteca fue reconocida por el Programa de las Naciones Unidas para el Desarrollo (PNUD) como uno de los 26 municipios de M\u00e9xico con mayor \u00cdndice de Desarrollo Humano (IDH), con lo [&hellip;]<\/p>\n","protected":false},"author":5,"featured_media":51933,"comment_status":"open","ping_status":"open","sticky":false,"template":"","format":"standard","meta":{"footnotes":""},"categories":[7,216,214],"tags":[],"class_list":["post-51932","post","type-post","status-publish","format-standard","has-post-thumbnail","hentry","category-ciudadanos","category-municipios","category-tlaxcala-capital"],"amp_enabled":true,"_links":{"self":[{"href":"https:\/\/labestiapolitica.com.mx\/index.php?rest_route=\/wp\/v2\/posts\/51932","targetHints":{"allow":["GET"]}}],"collection":[{"href":"https:\/\/labestiapolitica.com.mx\/index.php?rest_route=\/wp\/v2\/posts"}],"about":[{"href":"https:\/\/labestiapolitica.com.mx\/index.php?rest_route=\/wp\/v2\/types\/post"}],"author":[{"embeddable":true,"href":"https:\/\/labestiapolitica.com.mx\/index.php?rest_route=\/wp\/v2\/users\/5"}],"replies":[{"embeddable":true,"href":"https:\/\/labestiapolitica.com.mx\/index.php?rest_route=%2Fwp%2Fv2%2Fcomments&post=51932"}],"version-history":[{"count":1,"href":"https:\/\/labestiapolitica.com.mx\/index.php?rest_route=\/wp\/v2\/posts\/51932\/revisions"}],"predecessor-version":[{"id":51934,"href":"https:\/\/labestiapolitica.com.mx\/index.php?rest_route=\/wp\/v2\/posts\/51932\/revisions\/51934"}],"wp:featuredmedia":[{"embeddable":true,"href":"https:\/\/labestiapolitica.com.mx\/index.php?rest_route=\/wp\/v2\/media\/51933"}],"wp:attachment":[{"href":"https:\/\/labestiapolitica.com.mx\/index.php?rest_route=%2Fwp%2Fv2%2Fmedia&parent=51932"}],"wp:term":[{"taxonomy":"category","embeddable":true,"href":"https:\/\/labestiapolitica.com.mx\/index.php?rest_route=%2Fwp%2Fv2%2Fcategories&post=51932"},{"taxonomy":"post_tag","embeddable":true,"href":"https:\/\/labestiapolitica.com.mx\/index.php?rest_route=%2Fwp%2Fv2%2Ftags&post=51932"}],"curies":[{"name":"wp","href":"https:\/\/api.w.org\/{rel}","templated":true}]}}