{"id":51935,"date":"2025-10-22T01:11:36","date_gmt":"2025-10-22T07:11:36","guid":{"rendered":"https:\/\/labestiapolitica.com.mx\/?p=51935"},"modified":"2025-10-22T01:11:36","modified_gmt":"2025-10-22T07:11:36","slug":"invitan-a-jornada-de-registros-de-nacimiento-en-huamantla-este-miercoles-22-de-octubre","status":"publish","type":"post","link":"https:\/\/labestiapolitica.com.mx\/?p=51935","title":{"rendered":"Invitan a jornada de registros de nacimiento en Huamantla este mi\u00e9rcoles 22 de octubre."},"content":{"rendered":"<div style=\"text-align: justify;\">El Gobierno Municipal de Huamantla, en coordinaci\u00f3n con la Oficina Regional del Registro Civil, invita a madres y padres de familia a participar en la Jornada de Registros de Nacimiento que se llevar\u00e1 a cabo este mi\u00e9rcoles, de 8:00 a 14:00 horas, en el Auditorio Ex Cancha 13.<\/div>\n<div style=\"text-align: justify;\"><\/div>\n<div style=\"text-align: justify;\">Esta jornada est\u00e1 dirigida a beb\u00e9s de 1 a 60 d\u00edas de nacidos y tiene como prop\u00f3sito garantizar el derecho a la identidad de ni\u00f1as y ni\u00f1os huamantlecos, facilitando los tr\u00e1mites de manera gratuita y accesible.<\/div>\n<div style=\"text-align: justify;\"><\/div>\n<div style=\"text-align: justify;\">Los requisitos para realizar el registro son los siguientes:<\/div>\n<div style=\"text-align: justify;\">\u2022Original y copia de la constancia de alumbramiento.<\/div>\n<div style=\"text-align: justify;\">\u2022Copia de la credencial de elector de los padres y dos copias de los testigos, todos en una sola hoja (los abuelitos no pueden ser testigos del beb\u00e9).<\/div>\n<div style=\"text-align: justify;\">\u2022Copia de las actas de nacimiento de los padres actualizadas (del a\u00f1o 2021 a la fecha) y acta de matrimonio en caso de estar casados.<\/div>\n<div style=\"text-align: justify;\">\u2022CURP de padres, abuelos y testigos.<\/div>\n<div style=\"text-align: justify;\">\u2022Copia del comprobante de domicilio.<\/div>\n<div style=\"text-align: justify;\"><\/div>\n<div style=\"text-align: justify;\">Con estas acciones, el Registro Civil y el Ayuntamiento de Huamantla reafirman su compromiso con el bienestar y los derechos de la ni\u00f1ez, promoviendo una identidad legal desde el nacimiento.<\/div>\n<div style=\"text-align: justify;\"><\/div>\n<div style=\"text-align: justify;\">\ud83d\udc9a Porque cada historia comienza con un nombre.<\/div>\n<div><\/div>\n<div><img loading=\"lazy\" decoding=\"async\" class=\"alignnone wp-image-28405 size-full\" src=\"https:\/\/labestiapolitica.com.mx\/wp-content\/uploads\/2024\/06\/U-NOVA-y-se-diferente.png\" alt=\"\" width=\"1000\" height=\"600\" srcset=\"https:\/\/labestiapolitica.com.mx\/wp-content\/uploads\/2024\/06\/U-NOVA-y-se-diferente.png 1000w, https:\/\/labestiapolitica.com.mx\/wp-content\/uploads\/2024\/06\/U-NOVA-y-se-diferente-300x180.png 300w, https:\/\/labestiapolitica.com.mx\/wp-content\/uploads\/2024\/06\/U-NOVA-y-se-diferente-768x461.png 768w\" sizes=\"auto, (max-width: 1000px) 100vw, 1000px\" \/><\/div>\n","protected":false},"excerpt":{"rendered":"<p>El Gobierno Municipal de Huamantla, en coordinaci\u00f3n con la Oficina Regional del Registro Civil, invita a madres y padres de familia a participar en la Jornada de Registros de Nacimiento que se llevar\u00e1 a cabo este mi\u00e9rcoles, de 8:00 a 14:00 horas, en el Auditorio Ex Cancha 13. Esta jornada est\u00e1 dirigida a beb\u00e9s de [&hellip;]<\/p>\n","protected":false},"author":5,"featured_media":51936,"comment_status":"open","ping_status":"open","sticky":false,"template":"","format":"standard","meta":{"footnotes":""},"categories":[7,220,216],"tags":[],"class_list":["post-51935","post","type-post","status-publish","format-standard","has-post-thumbnail","hentry","category-ciudadanos","category-huamantla","category-municipios"],"amp_enabled":true,"_links":{"self":[{"href":"https:\/\/labestiapolitica.com.mx\/index.php?rest_route=\/wp\/v2\/posts\/51935","targetHints":{"allow":["GET"]}}],"collection":[{"href":"https:\/\/labestiapolitica.com.mx\/index.php?rest_route=\/wp\/v2\/posts"}],"about":[{"href":"https:\/\/labestiapolitica.com.mx\/index.php?rest_route=\/wp\/v2\/types\/post"}],"author":[{"embeddable":true,"href":"https:\/\/labestiapolitica.com.mx\/index.php?rest_route=\/wp\/v2\/users\/5"}],"replies":[{"embeddable":true,"href":"https:\/\/labestiapolitica.com.mx\/index.php?rest_route=%2Fwp%2Fv2%2Fcomments&post=51935"}],"version-history":[{"count":1,"href":"https:\/\/labestiapolitica.com.mx\/index.php?rest_route=\/wp\/v2\/posts\/51935\/revisions"}],"predecessor-version":[{"id":51937,"href":"https:\/\/labestiapolitica.com.mx\/index.php?rest_route=\/wp\/v2\/posts\/51935\/revisions\/51937"}],"wp:featuredmedia":[{"embeddable":true,"href":"https:\/\/labestiapolitica.com.mx\/index.php?rest_route=\/wp\/v2\/media\/51936"}],"wp:attachment":[{"href":"https:\/\/labestiapolitica.com.mx\/index.php?rest_route=%2Fwp%2Fv2%2Fmedia&parent=51935"}],"wp:term":[{"taxonomy":"category","embeddable":true,"href":"https:\/\/labestiapolitica.com.mx\/index.php?rest_route=%2Fwp%2Fv2%2Fcategories&post=51935"},{"taxonomy":"post_tag","embeddable":true,"href":"https:\/\/labestiapolitica.com.mx\/index.php?rest_route=%2Fwp%2Fv2%2Ftags&post=51935"}],"curies":[{"name":"wp","href":"https:\/\/api.w.org\/{rel}","templated":true}]}}