{"id":51941,"date":"2025-10-22T01:24:54","date_gmt":"2025-10-22T07:24:54","guid":{"rendered":"https:\/\/labestiapolitica.com.mx\/?p=51941"},"modified":"2025-10-22T01:24:54","modified_gmt":"2025-10-22T07:24:54","slug":"invitan-a-conferencia-cuando-el-silencio-duele-para-prevenir-y-erradicar-el-bullying-en-huamantla","status":"publish","type":"post","link":"https:\/\/labestiapolitica.com.mx\/?p=51941","title":{"rendered":"Invitan a conferencia \u201cCuando el silencio duele\u201d para prevenir y erradicar el bullying en Huamantla."},"content":{"rendered":"<p style=\"text-align: justify;\">Con el prop\u00f3sito de fomentar entornos m\u00e1s seguros y libres de violencia, el Ayuntamiento de Huamantla, a trav\u00e9s del Sistema Municipal DIF, invita a la ciudadan\u00eda a la conferencia \u201cCuando el silencio duele\u201d, que ser\u00e1 impartida por el Dr. Alejandro Di Grazia Rao este jueves 23 de octubre a las 10:00 a.m. en el Auditorio Ex Cancha 13.<\/p>\n<p style=\"text-align: justify;\">Durante esta charla, se abordar\u00e1n temas fundamentales sobre el bullying escolar, brindando herramientas para identificar cu\u00e1ndo ni\u00f1as, ni\u00f1os o adolescentes son v\u00edctimas, agresores o testigos de acoso, as\u00ed como estrategias para prevenir y actuar ante estos casos.<\/p>\n<p style=\"text-align: justify;\">La presidenta honor\u00edfica del DIF Huamantla, Roc\u00edo S\u00e1nchez, destac\u00f3 que este tipo de actividades buscan fortalecer el tejido social desde la familia y la escuela, fomentando la empat\u00eda, el respeto y la comunicaci\u00f3n entre padres, docentes y estudiantes.<\/p>\n<p style=\"text-align: justify;\">El Gobierno Municipal que encabeza el presidente Salvador Santos Cedillo, reitera su compromiso de impulsar acciones que promuevan el bienestar emocional y la protecci\u00f3n de la ni\u00f1ez huamantleca.<\/p>\n<p style=\"text-align: justify;\">\ud83d\udc9a Porque el silencio duele, pero la prevenci\u00f3n salva.<\/p>\n<p>&nbsp;<\/p>\n<p><img loading=\"lazy\" decoding=\"async\" class=\"alignnone wp-image-28405 size-full\" src=\"https:\/\/labestiapolitica.com.mx\/wp-content\/uploads\/2024\/06\/U-NOVA-y-se-diferente.png\" alt=\"\" width=\"1000\" height=\"600\" srcset=\"https:\/\/labestiapolitica.com.mx\/wp-content\/uploads\/2024\/06\/U-NOVA-y-se-diferente.png 1000w, https:\/\/labestiapolitica.com.mx\/wp-content\/uploads\/2024\/06\/U-NOVA-y-se-diferente-300x180.png 300w, https:\/\/labestiapolitica.com.mx\/wp-content\/uploads\/2024\/06\/U-NOVA-y-se-diferente-768x461.png 768w\" sizes=\"auto, (max-width: 1000px) 100vw, 1000px\" \/><\/p>\n","protected":false},"excerpt":{"rendered":"<p>Con el prop\u00f3sito de fomentar entornos m\u00e1s seguros y libres de violencia, el Ayuntamiento de Huamantla, a trav\u00e9s del Sistema Municipal DIF, invita a la ciudadan\u00eda a la conferencia \u201cCuando el silencio duele\u201d, que ser\u00e1 impartida por el Dr. Alejandro Di Grazia Rao este jueves 23 de octubre a las 10:00 a.m. en el Auditorio [&hellip;]<\/p>\n","protected":false},"author":5,"featured_media":51942,"comment_status":"open","ping_status":"open","sticky":false,"template":"","format":"standard","meta":{"footnotes":""},"categories":[7,220,216],"tags":[],"class_list":["post-51941","post","type-post","status-publish","format-standard","has-post-thumbnail","hentry","category-ciudadanos","category-huamantla","category-municipios"],"amp_enabled":true,"_links":{"self":[{"href":"https:\/\/labestiapolitica.com.mx\/index.php?rest_route=\/wp\/v2\/posts\/51941","targetHints":{"allow":["GET"]}}],"collection":[{"href":"https:\/\/labestiapolitica.com.mx\/index.php?rest_route=\/wp\/v2\/posts"}],"about":[{"href":"https:\/\/labestiapolitica.com.mx\/index.php?rest_route=\/wp\/v2\/types\/post"}],"author":[{"embeddable":true,"href":"https:\/\/labestiapolitica.com.mx\/index.php?rest_route=\/wp\/v2\/users\/5"}],"replies":[{"embeddable":true,"href":"https:\/\/labestiapolitica.com.mx\/index.php?rest_route=%2Fwp%2Fv2%2Fcomments&post=51941"}],"version-history":[{"count":1,"href":"https:\/\/labestiapolitica.com.mx\/index.php?rest_route=\/wp\/v2\/posts\/51941\/revisions"}],"predecessor-version":[{"id":51943,"href":"https:\/\/labestiapolitica.com.mx\/index.php?rest_route=\/wp\/v2\/posts\/51941\/revisions\/51943"}],"wp:featuredmedia":[{"embeddable":true,"href":"https:\/\/labestiapolitica.com.mx\/index.php?rest_route=\/wp\/v2\/media\/51942"}],"wp:attachment":[{"href":"https:\/\/labestiapolitica.com.mx\/index.php?rest_route=%2Fwp%2Fv2%2Fmedia&parent=51941"}],"wp:term":[{"taxonomy":"category","embeddable":true,"href":"https:\/\/labestiapolitica.com.mx\/index.php?rest_route=%2Fwp%2Fv2%2Fcategories&post=51941"},{"taxonomy":"post_tag","embeddable":true,"href":"https:\/\/labestiapolitica.com.mx\/index.php?rest_route=%2Fwp%2Fv2%2Ftags&post=51941"}],"curies":[{"name":"wp","href":"https:\/\/api.w.org\/{rel}","templated":true}]}}