{"id":51948,"date":"2025-10-22T17:11:11","date_gmt":"2025-10-22T23:11:11","guid":{"rendered":"https:\/\/labestiapolitica.com.mx\/?p=51948"},"modified":"2025-10-22T17:11:11","modified_gmt":"2025-10-22T23:11:11","slug":"zacatelco-inaugura-la-tercera-privada-de-la-calle-16-de-septiembre","status":"publish","type":"post","link":"https:\/\/labestiapolitica.com.mx\/?p=51948","title":{"rendered":"Zacatelco inaugura la Tercera Privada de la Calle 16 de Septiembre"},"content":{"rendered":"<p data-start=\"840\" data-end=\"1124\">El <strong data-start=\"843\" data-end=\"878\">Gobierno Municipal de Zacatelco<\/strong>, encabezado por el presidente <strong data-start=\"909\" data-end=\"936\">Jos\u00e9 Miguel Acatzi Luna<\/strong>, a trav\u00e9s de la <strong data-start=\"953\" data-end=\"993\">S\u00edndico Municipal Nancy Ju\u00e1rez Corte<\/strong>, celebr\u00f3 la <strong data-start=\"1006\" data-end=\"1073\">inauguraci\u00f3n de la Tercera Privada de la Calle 16 de Septiembre<\/strong>, ubicada en la <strong data-start=\"1089\" data-end=\"1107\">quinta secci\u00f3n<\/strong> del municipio.<\/p>\n<p data-start=\"1126\" data-end=\"1317\">Esta obra forma parte del compromiso de la administraci\u00f3n con el <strong data-start=\"1191\" data-end=\"1235\">mejoramiento urbano y la movilidad local<\/strong>, garantizando que m\u00e1s familias cuenten con <strong data-start=\"1279\" data-end=\"1314\">vialidades seguras y accesibles<\/strong>.<\/p>\n<p data-start=\"1319\" data-end=\"1498\">Durante el evento, la S\u00edndico Municipal reiter\u00f3 que estas acciones son resultado del trabajo coordinado entre autoridades y ciudadan\u00eda, fortaleciendo el desarrollo de Zacatelco.<\/p>\n","protected":false},"excerpt":{"rendered":"<p>El Gobierno Municipal de Zacatelco, encabezado por el presidente Jos\u00e9 Miguel Acatzi Luna, a trav\u00e9s de la S\u00edndico Municipal Nancy Ju\u00e1rez Corte, celebr\u00f3 la inauguraci\u00f3n de la Tercera Privada de la Calle 16 de Septiembre, ubicada en la quinta secci\u00f3n del municipio. Esta obra forma parte del compromiso de la administraci\u00f3n con el mejoramiento urbano [&hellip;]<\/p>\n","protected":false},"author":5,"featured_media":51949,"comment_status":"open","ping_status":"open","sticky":false,"template":"","format":"standard","meta":{"footnotes":""},"categories":[216,217],"tags":[],"class_list":["post-51948","post","type-post","status-publish","format-standard","has-post-thumbnail","hentry","category-municipios","category-zacatelco"],"amp_enabled":true,"_links":{"self":[{"href":"https:\/\/labestiapolitica.com.mx\/index.php?rest_route=\/wp\/v2\/posts\/51948","targetHints":{"allow":["GET"]}}],"collection":[{"href":"https:\/\/labestiapolitica.com.mx\/index.php?rest_route=\/wp\/v2\/posts"}],"about":[{"href":"https:\/\/labestiapolitica.com.mx\/index.php?rest_route=\/wp\/v2\/types\/post"}],"author":[{"embeddable":true,"href":"https:\/\/labestiapolitica.com.mx\/index.php?rest_route=\/wp\/v2\/users\/5"}],"replies":[{"embeddable":true,"href":"https:\/\/labestiapolitica.com.mx\/index.php?rest_route=%2Fwp%2Fv2%2Fcomments&post=51948"}],"version-history":[{"count":2,"href":"https:\/\/labestiapolitica.com.mx\/index.php?rest_route=\/wp\/v2\/posts\/51948\/revisions"}],"predecessor-version":[{"id":51951,"href":"https:\/\/labestiapolitica.com.mx\/index.php?rest_route=\/wp\/v2\/posts\/51948\/revisions\/51951"}],"wp:featuredmedia":[{"embeddable":true,"href":"https:\/\/labestiapolitica.com.mx\/index.php?rest_route=\/wp\/v2\/media\/51949"}],"wp:attachment":[{"href":"https:\/\/labestiapolitica.com.mx\/index.php?rest_route=%2Fwp%2Fv2%2Fmedia&parent=51948"}],"wp:term":[{"taxonomy":"category","embeddable":true,"href":"https:\/\/labestiapolitica.com.mx\/index.php?rest_route=%2Fwp%2Fv2%2Fcategories&post=51948"},{"taxonomy":"post_tag","embeddable":true,"href":"https:\/\/labestiapolitica.com.mx\/index.php?rest_route=%2Fwp%2Fv2%2Ftags&post=51948"}],"curies":[{"name":"wp","href":"https:\/\/api.w.org\/{rel}","templated":true}]}}