{"id":51952,"date":"2025-10-22T17:47:13","date_gmt":"2025-10-22T23:47:13","guid":{"rendered":"https:\/\/labestiapolitica.com.mx\/?p=51952"},"modified":"2025-10-22T17:47:13","modified_gmt":"2025-10-22T23:47:13","slug":"impulsa-lorena-ruiz-el-empoderamiento-de-mujeres-sobrevivientes-de-cancer-de-mama","status":"publish","type":"post","link":"https:\/\/labestiapolitica.com.mx\/?p=51952","title":{"rendered":"Impulsa Lorena Ruiz el empoderamiento de mujeres sobrevivientes de c\u00e1ncer de mama."},"content":{"rendered":"<p style=\"text-align: justify;\" align=\"center\">En el Patio Vitral del Congreso del Estado se llev\u00f3 a cabo la conferencia\u00a0\u201cEl empoderamiento despu\u00e9s del c\u00e1ncer de mama como un \u00e9xito de vida\u201d, organizada por la fundaci\u00f3n EsmeRoss A.C., en colaboraci\u00f3n con la diputada\u00a0Lorena Ruiz Garc\u00eda, en el marco del\u00a0D\u00eda Internacional de la Lucha contra el C\u00e1ncer de Mama.<\/p>\n<p style=\"text-align: justify;\">Durante el encuentro, mujeres que enfrentan o han superado esta enfermedad compartieron un espacio de reflexi\u00f3n y esperanza al escuchar la ponencia de la coach\u00a0Fernanda Medell\u00edn, quien abord\u00f3 el proceso de sanaci\u00f3n emocional y personal como un acto de fortaleza y \u00e9xito de vida.<\/p>\n<p style=\"text-align: justify;\">Asimismo, personas solidarias se sumaron a la causa apadrinando a mujeres que actualmente reciben tratamiento, reafirmando el compromiso social de acompa\u00f1arlas en su recuperaci\u00f3n y de promover una cultura de apoyo, empat\u00eda y empoderamiento femenino.<\/p>\n<p>&nbsp;<\/p>\n<p><img loading=\"lazy\" decoding=\"async\" class=\"alignnone size-full wp-image-28405\" src=\"https:\/\/labestiapolitica.com.mx\/wp-content\/uploads\/2024\/06\/U-NOVA-y-se-diferente.png\" alt=\"\" width=\"1000\" height=\"600\" srcset=\"https:\/\/labestiapolitica.com.mx\/wp-content\/uploads\/2024\/06\/U-NOVA-y-se-diferente.png 1000w, https:\/\/labestiapolitica.com.mx\/wp-content\/uploads\/2024\/06\/U-NOVA-y-se-diferente-300x180.png 300w, https:\/\/labestiapolitica.com.mx\/wp-content\/uploads\/2024\/06\/U-NOVA-y-se-diferente-768x461.png 768w\" sizes=\"auto, (max-width: 1000px) 100vw, 1000px\" \/><\/p>\n","protected":false},"excerpt":{"rendered":"<p>En el Patio Vitral del Congreso del Estado se llev\u00f3 a cabo la conferencia\u00a0\u201cEl empoderamiento despu\u00e9s del c\u00e1ncer de mama como un \u00e9xito de vida\u201d, organizada por la fundaci\u00f3n EsmeRoss A.C., en colaboraci\u00f3n con la diputada\u00a0Lorena Ruiz Garc\u00eda, en el marco del\u00a0D\u00eda Internacional de la Lucha contra el C\u00e1ncer de Mama. Durante el encuentro, mujeres [&hellip;]<\/p>\n","protected":false},"author":3,"featured_media":51954,"comment_status":"open","ping_status":"open","sticky":false,"template":"","format":"standard","meta":{"footnotes":""},"categories":[7,224],"tags":[],"class_list":["post-51952","post","type-post","status-publish","format-standard","has-post-thumbnail","hentry","category-ciudadanos","category-congreso-del-estado-de-tlaxcala"],"amp_enabled":true,"_links":{"self":[{"href":"https:\/\/labestiapolitica.com.mx\/index.php?rest_route=\/wp\/v2\/posts\/51952","targetHints":{"allow":["GET"]}}],"collection":[{"href":"https:\/\/labestiapolitica.com.mx\/index.php?rest_route=\/wp\/v2\/posts"}],"about":[{"href":"https:\/\/labestiapolitica.com.mx\/index.php?rest_route=\/wp\/v2\/types\/post"}],"author":[{"embeddable":true,"href":"https:\/\/labestiapolitica.com.mx\/index.php?rest_route=\/wp\/v2\/users\/3"}],"replies":[{"embeddable":true,"href":"https:\/\/labestiapolitica.com.mx\/index.php?rest_route=%2Fwp%2Fv2%2Fcomments&post=51952"}],"version-history":[{"count":1,"href":"https:\/\/labestiapolitica.com.mx\/index.php?rest_route=\/wp\/v2\/posts\/51952\/revisions"}],"predecessor-version":[{"id":51958,"href":"https:\/\/labestiapolitica.com.mx\/index.php?rest_route=\/wp\/v2\/posts\/51952\/revisions\/51958"}],"wp:featuredmedia":[{"embeddable":true,"href":"https:\/\/labestiapolitica.com.mx\/index.php?rest_route=\/wp\/v2\/media\/51954"}],"wp:attachment":[{"href":"https:\/\/labestiapolitica.com.mx\/index.php?rest_route=%2Fwp%2Fv2%2Fmedia&parent=51952"}],"wp:term":[{"taxonomy":"category","embeddable":true,"href":"https:\/\/labestiapolitica.com.mx\/index.php?rest_route=%2Fwp%2Fv2%2Fcategories&post=51952"},{"taxonomy":"post_tag","embeddable":true,"href":"https:\/\/labestiapolitica.com.mx\/index.php?rest_route=%2Fwp%2Fv2%2Ftags&post=51952"}],"curies":[{"name":"wp","href":"https:\/\/api.w.org\/{rel}","templated":true}]}}