{"id":51953,"date":"2025-10-22T17:37:57","date_gmt":"2025-10-22T23:37:57","guid":{"rendered":"https:\/\/labestiapolitica.com.mx\/?p=51953"},"modified":"2025-10-22T17:37:57","modified_gmt":"2025-10-22T23:37:57","slug":"zacatelco-impulsa-inclusion-y-autoempleo-con-el-1er-taller-de-pan-y-alimentos-accion-inclusiva","status":"publish","type":"post","link":"https:\/\/labestiapolitica.com.mx\/?p=51953","title":{"rendered":"Zacatelco impulsa inclusi\u00f3n y autoempleo con el \u201c1er. Taller de Pan y Alimentos, Acci\u00f3n Inclusiva\u201d"},"content":{"rendered":"<p style=\"text-align: justify;\" data-start=\"1191\" data-end=\"1514\">El <strong data-start=\"1194\" data-end=\"1229\">Gobierno Municipal de Zacatelco<\/strong>, a trav\u00e9s del <strong data-start=\"1244\" data-end=\"1307\">Instituto Municipal de Atenci\u00f3n a Personas con Discapacidad<\/strong>, clausur\u00f3 con \u00e9xito el <strong data-start=\"1331\" data-end=\"1385\">\u201c1er. Taller de Pan y Alimentos, Acci\u00f3n Inclusiva\u201d<\/strong>, en el que participaron ocho personas que aprendieron a elaborar productos de panader\u00eda como pan, donas, galletas y empanadas.<\/p>\n<p style=\"text-align: justify;\" data-start=\"1516\" data-end=\"1739\">Esta iniciativa forma parte de las estrategias municipales para <strong data-start=\"1580\" data-end=\"1637\">impulsar el autoempleo y promover la inclusi\u00f3n social<\/strong>, brindando herramientas que fortalecen la independencia econ\u00f3mica de las personas con discapacidad.<\/p>\n<p style=\"text-align: justify;\" data-start=\"1741\" data-end=\"1987\">Durante la ceremonia de clausura, autoridades municipales reconocieron el entusiasmo y compromiso de los alumnos, destacando que estos proyectos representan una oportunidad para construir un <strong data-start=\"1932\" data-end=\"1984\">Zacatelco m\u00e1s solidario, productivo e incluyente<\/strong>.<\/p>\n<blockquote data-start=\"1989\" data-end=\"2087\">\n<p style=\"text-align: justify;\" data-start=\"1991\" data-end=\"2087\">\u201cCuando se trabaja con el coraz\u00f3n, no existen barreras\u201d, expresaron durante el acto de cierre.<\/p>\n<\/blockquote>\n<p data-start=\"2089\" data-end=\"2171\" data-is-last-node=\"\" data-is-only-node=\"\">\n","protected":false},"excerpt":{"rendered":"<p>El Gobierno Municipal de Zacatelco, a trav\u00e9s del Instituto Municipal de Atenci\u00f3n a Personas con Discapacidad, clausur\u00f3 con \u00e9xito el \u201c1er. Taller de Pan y Alimentos, Acci\u00f3n Inclusiva\u201d, en el que participaron ocho personas que aprendieron a elaborar productos de panader\u00eda como pan, donas, galletas y empanadas. Esta iniciativa forma parte de las estrategias municipales [&hellip;]<\/p>\n","protected":false},"author":5,"featured_media":51955,"comment_status":"open","ping_status":"open","sticky":false,"template":"","format":"standard","meta":{"footnotes":""},"categories":[216,217],"tags":[],"class_list":["post-51953","post","type-post","status-publish","format-standard","has-post-thumbnail","hentry","category-municipios","category-zacatelco"],"amp_enabled":true,"_links":{"self":[{"href":"https:\/\/labestiapolitica.com.mx\/index.php?rest_route=\/wp\/v2\/posts\/51953","targetHints":{"allow":["GET"]}}],"collection":[{"href":"https:\/\/labestiapolitica.com.mx\/index.php?rest_route=\/wp\/v2\/posts"}],"about":[{"href":"https:\/\/labestiapolitica.com.mx\/index.php?rest_route=\/wp\/v2\/types\/post"}],"author":[{"embeddable":true,"href":"https:\/\/labestiapolitica.com.mx\/index.php?rest_route=\/wp\/v2\/users\/5"}],"replies":[{"embeddable":true,"href":"https:\/\/labestiapolitica.com.mx\/index.php?rest_route=%2Fwp%2Fv2%2Fcomments&post=51953"}],"version-history":[{"count":2,"href":"https:\/\/labestiapolitica.com.mx\/index.php?rest_route=\/wp\/v2\/posts\/51953\/revisions"}],"predecessor-version":[{"id":51957,"href":"https:\/\/labestiapolitica.com.mx\/index.php?rest_route=\/wp\/v2\/posts\/51953\/revisions\/51957"}],"wp:featuredmedia":[{"embeddable":true,"href":"https:\/\/labestiapolitica.com.mx\/index.php?rest_route=\/wp\/v2\/media\/51955"}],"wp:attachment":[{"href":"https:\/\/labestiapolitica.com.mx\/index.php?rest_route=%2Fwp%2Fv2%2Fmedia&parent=51953"}],"wp:term":[{"taxonomy":"category","embeddable":true,"href":"https:\/\/labestiapolitica.com.mx\/index.php?rest_route=%2Fwp%2Fv2%2Fcategories&post=51953"},{"taxonomy":"post_tag","embeddable":true,"href":"https:\/\/labestiapolitica.com.mx\/index.php?rest_route=%2Fwp%2Fv2%2Ftags&post=51953"}],"curies":[{"name":"wp","href":"https:\/\/api.w.org\/{rel}","templated":true}]}}