{"id":51959,"date":"2025-10-22T17:54:27","date_gmt":"2025-10-22T23:54:27","guid":{"rendered":"https:\/\/labestiapolitica.com.mx\/?p=51959"},"modified":"2025-10-22T17:54:27","modified_gmt":"2025-10-22T23:54:27","slug":"reciben-150-adultos-mayores-su-credencial-que-los-acredita-como-alumnos-de-la-uatx","status":"publish","type":"post","link":"https:\/\/labestiapolitica.com.mx\/?p=51959","title":{"rendered":"Reciben 150 adultos mayores su credencial que los acredita como alumnos de la UATx."},"content":{"rendered":"<ul>\n<li style=\"font-weight: 400; text-align: justify;\">Participan en el programa la Universidad para\/con Personas Mayores espacio inclusivo que promueve el desarrollo integral y la participaci\u00f3n activa<\/li>\n<\/ul>\n<p style=\"font-weight: 400; text-align: justify;\">Gracias a la Universidad para\/con Personas Mayores he aprendido a fortalecer mi autoestima y a empoderarme a trav\u00e9s del autocuidado integral f\u00edsico, psicol\u00f3gico, social y espiritual, hoy me siento m\u00e1s capaz, m\u00e1s consciente de mi bienestar y con una actitud renovada para vivir con plenitud, es el testimonio que ofreci\u00f3 Juan de Dios Ortega Rodr\u00edguez, estudiante de este programa que ofrece la Facultad de Ciencias para el Desarrollo Humano de la Universidad Aut\u00f3noma de Tlaxcala (FCDH-UATx).<\/p>\n<p style=\"font-weight: 400; text-align: justify;\">En un acto de reconocimiento para las personas mayores, en emotiva ceremonia celebrada en el Aula Magna \u201cRa\u00fal Jim\u00e9nez Guillen\u201d, se entregaron 150 credenciales que los identifican como estudiantes de la Aut\u00f3noma de Tlaxcala. Con la representaci\u00f3n del Doctor Seraf\u00edn Ortiz Ortiz, Rector de la UATx, el Maestro Irving Eduardo Ortiz Gallardo, Coordinador de la Divisi\u00f3n de Ciencias Sociales y Humanidades, sostuvo que la integraci\u00f3n de personas mayores en la vida universitaria enriquece el quehacer acad\u00e9mico y fortalece los v\u00ednculos intergeneracionales.<\/p>\n<p style=\"font-weight: 400; text-align: justify;\">Recalc\u00f3 que el Programa Universidad para\/con Personas Mayores reafirma el compromiso institucional con la educaci\u00f3n como derecho universal, brindando atenci\u00f3n integral al desarrollo, autonom\u00eda y bienestar de las personas adultas mayores.<\/p>\n<p style=\"font-weight: 400; text-align: justify;\">Por su parte, el Maestro Josu\u00e9 Antonio Camacho Candia, Director de la FCDH, puntualiz\u00f3 que la Facultad reafirma su compromiso con el fortalecimiento y expansi\u00f3n del programa, mediante el dise\u00f1o de nuevas actividades y cursos desde el \u00e1rea de Gerontolog\u00eda, orientados a atender las necesidades de la sociedad en general. Esta iniciativa busca consolidar, visibilizar y ampliar el alcance del programa, respondiendo a la creciente demanda social por espacios educativos inclusivos que promuevan el desarrollo integral, la participaci\u00f3n activa y el bienestar de las personas adultas mayores.<\/p>\n<p style=\"font-weight: 400; text-align: justify;\">En su momento, el Maestro Ra\u00fal Jim\u00e9nez Guillen, Coordinador del programa Universidad para\/con Personas Mayores, record\u00f3 que el programa inici\u00f3 con 15 participantes y hoy supera los 150, reflejando un crecimiento sostenido y el compromiso de la UATx con la inclusi\u00f3n educativa. A trav\u00e9s de la gerontolog\u00eda social se forman profesionistas y se construye comunidad, se fortalecen v\u00ednculos intergeneracionales y se da sentido al mandato universitario de transformar la realidad desde el conocimiento y el cuidado.<\/p>\n<p style=\"font-weight: 400; text-align: justify;\">Esta iniciativa reafirma la esencia humanista de nuestra Instituci\u00f3n, demostrando que educar tambi\u00e9n es cuidar, y que cuidar en todas las etapas de la vida es una forma profunda y leg\u00edtima de hacer universidad, fortalecer el crecimiento individual e impulsar la construcci\u00f3n de una sociedad m\u00e1s justa, participativa, emp\u00e1tica e inclusiva.<\/p>\n<p>&nbsp;<\/p>\n<p><img loading=\"lazy\" decoding=\"async\" class=\"alignnone size-full wp-image-28405\" src=\"https:\/\/labestiapolitica.com.mx\/wp-content\/uploads\/2024\/06\/U-NOVA-y-se-diferente.png\" alt=\"\" width=\"1000\" height=\"600\" srcset=\"https:\/\/labestiapolitica.com.mx\/wp-content\/uploads\/2024\/06\/U-NOVA-y-se-diferente.png 1000w, https:\/\/labestiapolitica.com.mx\/wp-content\/uploads\/2024\/06\/U-NOVA-y-se-diferente-300x180.png 300w, https:\/\/labestiapolitica.com.mx\/wp-content\/uploads\/2024\/06\/U-NOVA-y-se-diferente-768x461.png 768w\" sizes=\"auto, (max-width: 1000px) 100vw, 1000px\" \/><\/p>\n","protected":false},"excerpt":{"rendered":"<p>Participan en el programa la Universidad para\/con Personas Mayores espacio inclusivo que promueve el desarrollo integral y la participaci\u00f3n activa Gracias a la Universidad para\/con Personas Mayores he aprendido a fortalecer mi autoestima y a empoderarme a trav\u00e9s del autocuidado integral f\u00edsico, psicol\u00f3gico, social y espiritual, hoy me siento m\u00e1s capaz, m\u00e1s consciente de mi [&hellip;]<\/p>\n","protected":false},"author":3,"featured_media":51960,"comment_status":"open","ping_status":"open","sticky":false,"template":"","format":"standard","meta":{"footnotes":""},"categories":[7,213,241],"tags":[],"class_list":["post-51959","post","type-post","status-publish","format-standard","has-post-thumbnail","hentry","category-ciudadanos","category-educacion","category-uatx"],"amp_enabled":true,"_links":{"self":[{"href":"https:\/\/labestiapolitica.com.mx\/index.php?rest_route=\/wp\/v2\/posts\/51959","targetHints":{"allow":["GET"]}}],"collection":[{"href":"https:\/\/labestiapolitica.com.mx\/index.php?rest_route=\/wp\/v2\/posts"}],"about":[{"href":"https:\/\/labestiapolitica.com.mx\/index.php?rest_route=\/wp\/v2\/types\/post"}],"author":[{"embeddable":true,"href":"https:\/\/labestiapolitica.com.mx\/index.php?rest_route=\/wp\/v2\/users\/3"}],"replies":[{"embeddable":true,"href":"https:\/\/labestiapolitica.com.mx\/index.php?rest_route=%2Fwp%2Fv2%2Fcomments&post=51959"}],"version-history":[{"count":1,"href":"https:\/\/labestiapolitica.com.mx\/index.php?rest_route=\/wp\/v2\/posts\/51959\/revisions"}],"predecessor-version":[{"id":51961,"href":"https:\/\/labestiapolitica.com.mx\/index.php?rest_route=\/wp\/v2\/posts\/51959\/revisions\/51961"}],"wp:featuredmedia":[{"embeddable":true,"href":"https:\/\/labestiapolitica.com.mx\/index.php?rest_route=\/wp\/v2\/media\/51960"}],"wp:attachment":[{"href":"https:\/\/labestiapolitica.com.mx\/index.php?rest_route=%2Fwp%2Fv2%2Fmedia&parent=51959"}],"wp:term":[{"taxonomy":"category","embeddable":true,"href":"https:\/\/labestiapolitica.com.mx\/index.php?rest_route=%2Fwp%2Fv2%2Fcategories&post=51959"},{"taxonomy":"post_tag","embeddable":true,"href":"https:\/\/labestiapolitica.com.mx\/index.php?rest_route=%2Fwp%2Fv2%2Ftags&post=51959"}],"curies":[{"name":"wp","href":"https:\/\/api.w.org\/{rel}","templated":true}]}}