{"id":51963,"date":"2025-10-22T18:12:05","date_gmt":"2025-10-23T00:12:05","guid":{"rendered":"https:\/\/labestiapolitica.com.mx\/?p=51963"},"modified":"2025-10-22T18:12:05","modified_gmt":"2025-10-23T00:12:05","slug":"tlaltelulco-impulsa-talleres-gratuitos-de-textiles-y-elaboracion-de-alimentos-para-mujeres-del-municipio","status":"publish","type":"post","link":"https:\/\/labestiapolitica.com.mx\/?p=51963","title":{"rendered":"Tlaltelulco impulsa talleres gratuitos de Textiles y Elaboraci\u00f3n de Alimentos para mujeres del municipio"},"content":{"rendered":"<p data-start=\"1356\" data-end=\"1800\">Con el prop\u00f3sito de fortalecer el emprendimiento y la autonom\u00eda econ\u00f3mica de las mujeres, la presidenta municipal <strong data-start=\"1470\" data-end=\"1488\">Roc\u00edo Mel\u00e9ndez<\/strong> encabez\u00f3 el arranque oficial de los talleres de <strong data-start=\"1537\" data-end=\"1549\">Textiles<\/strong> y <strong data-start=\"1552\" data-end=\"1580\">Elaboraci\u00f3n de Alimentos<\/strong>, organizados por el <strong data-start=\"1601\" data-end=\"1651\">Gobierno Municipal de La Magdalena Tlaltelulco<\/strong>, en coordinaci\u00f3n con la <strong data-start=\"1676\" data-end=\"1722\">Direcci\u00f3n de Atenci\u00f3n a la Mujer Municipal<\/strong> y el <strong data-start=\"1728\" data-end=\"1797\">Instituto de Cooperaci\u00f3n y Desarrollo Comunitario (INCODECO A.C.)<\/strong>.<\/p>\n<p data-start=\"1802\" data-end=\"2167\">Durante el evento, la alcaldesa destac\u00f3 que estas acciones son resultado del convenio firmado entre el Ayuntamiento e INCODECO A.C., mediante el cual se reafirma el compromiso de <strong data-start=\"1981\" data-end=\"2014\">brindar capacitaci\u00f3n gratuita<\/strong> que permita a las participantes desarrollar <strong data-start=\"2059\" data-end=\"2086\">habilidades productivas<\/strong>, generar <strong data-start=\"2096\" data-end=\"2131\">nuevas oportunidades de ingreso<\/strong> y mejorar su <strong data-start=\"2145\" data-end=\"2164\">calidad de vida<\/strong>.<\/p>\n<p data-start=\"2169\" data-end=\"2365\">Los talleres se imparten en el <strong data-start=\"2200\" data-end=\"2223\">Auditorio Municipal<\/strong> (Textiles) y en el <strong data-start=\"2243\" data-end=\"2275\">Polideportivo de Tecpa Pluma<\/strong> (Elaboraci\u00f3n de Alimentos), ambos espacios acondicionados para el aprendizaje pr\u00e1ctico.<\/p>\n<p data-start=\"2367\" data-end=\"2551\">Asimismo, se inform\u00f3 que a\u00fan hay <strong data-start=\"2400\" data-end=\"2423\">lugares disponibles<\/strong> en el taller de Textiles y se invit\u00f3 a las interesadas a inscribirse directamente en la <strong data-start=\"2512\" data-end=\"2548\">Direcci\u00f3n de Atenci\u00f3n a la Mujer<\/strong>.<\/p>\n<p data-start=\"2553\" data-end=\"2689\">Con estas acciones, el Gobierno Municipal refrenda su compromiso con el desarrollo econ\u00f3mico y social de las mujeres tlaltelulquenses.<\/p>\n","protected":false},"excerpt":{"rendered":"<p>Con el prop\u00f3sito de fortalecer el emprendimiento y la autonom\u00eda econ\u00f3mica de las mujeres, la presidenta municipal Roc\u00edo Mel\u00e9ndez encabez\u00f3 el arranque oficial de los talleres de Textiles y Elaboraci\u00f3n de Alimentos, organizados por el Gobierno Municipal de La Magdalena Tlaltelulco, en coordinaci\u00f3n con la Direcci\u00f3n de Atenci\u00f3n a la Mujer Municipal y el Instituto [&hellip;]<\/p>\n","protected":false},"author":5,"featured_media":51964,"comment_status":"open","ping_status":"open","sticky":false,"template":"","format":"standard","meta":{"footnotes":""},"categories":[218,216],"tags":[],"class_list":["post-51963","post","type-post","status-publish","format-standard","has-post-thumbnail","hentry","category-la-magdalena-tlaltelulco","category-municipios"],"amp_enabled":true,"_links":{"self":[{"href":"https:\/\/labestiapolitica.com.mx\/index.php?rest_route=\/wp\/v2\/posts\/51963","targetHints":{"allow":["GET"]}}],"collection":[{"href":"https:\/\/labestiapolitica.com.mx\/index.php?rest_route=\/wp\/v2\/posts"}],"about":[{"href":"https:\/\/labestiapolitica.com.mx\/index.php?rest_route=\/wp\/v2\/types\/post"}],"author":[{"embeddable":true,"href":"https:\/\/labestiapolitica.com.mx\/index.php?rest_route=\/wp\/v2\/users\/5"}],"replies":[{"embeddable":true,"href":"https:\/\/labestiapolitica.com.mx\/index.php?rest_route=%2Fwp%2Fv2%2Fcomments&post=51963"}],"version-history":[{"count":1,"href":"https:\/\/labestiapolitica.com.mx\/index.php?rest_route=\/wp\/v2\/posts\/51963\/revisions"}],"predecessor-version":[{"id":51965,"href":"https:\/\/labestiapolitica.com.mx\/index.php?rest_route=\/wp\/v2\/posts\/51963\/revisions\/51965"}],"wp:featuredmedia":[{"embeddable":true,"href":"https:\/\/labestiapolitica.com.mx\/index.php?rest_route=\/wp\/v2\/media\/51964"}],"wp:attachment":[{"href":"https:\/\/labestiapolitica.com.mx\/index.php?rest_route=%2Fwp%2Fv2%2Fmedia&parent=51963"}],"wp:term":[{"taxonomy":"category","embeddable":true,"href":"https:\/\/labestiapolitica.com.mx\/index.php?rest_route=%2Fwp%2Fv2%2Fcategories&post=51963"},{"taxonomy":"post_tag","embeddable":true,"href":"https:\/\/labestiapolitica.com.mx\/index.php?rest_route=%2Fwp%2Fv2%2Ftags&post=51963"}],"curies":[{"name":"wp","href":"https:\/\/api.w.org\/{rel}","templated":true}]}}