{"id":51969,"date":"2025-10-22T18:43:59","date_gmt":"2025-10-23T00:43:59","guid":{"rendered":"https:\/\/labestiapolitica.com.mx\/?p=51969"},"modified":"2025-10-22T18:43:59","modified_gmt":"2025-10-23T00:43:59","slug":"inauguro-rector-de-la-uatx-simposio-de-bioetica-en-la-primera-infancia","status":"publish","type":"post","link":"https:\/\/labestiapolitica.com.mx\/?p=51969","title":{"rendered":"Inaugur\u00f3 Rector de la UATx Simposio de bio\u00e9tica en la primera infancia."},"content":{"rendered":"<ul>\n<li style=\"font-weight: 400; text-align: justify;\">El foro invit\u00f3 a reflexionar de qu\u00e9 manera cada decisi\u00f3n m\u00e9dica, educativa o social impacta en la dignidad del ni\u00f1o y en el tipo de humanidad que construimos<\/li>\n<\/ul>\n<p style=\"font-weight: 400; text-align: justify;\">El tema de atenci\u00f3n a la primera infancia en M\u00e9xico implica un procedimiento reciente de atenci\u00f3n del gobierno de la rep\u00fablica de los infantes de 0 a 3 a\u00f1os, que se traduce en el dise\u00f1o de pol\u00edticas p\u00fablicas con pertinencia y la\u00a0 formaci\u00f3n de agentes educativos por parte de la Universidad Aut\u00f3noma de Tlaxcala (UATx) junto con 15 Instituciones de Educaci\u00f3n Superior (IES) del pa\u00eds, afirm\u00f3 el Rector, \u00a0Doctor Seraf\u00edn Ortiz,\u00a0 al inaugurar el Simposio Bio\u00e9tica en la primera infancia: Un enfoque integral, en el marco de la Semana Nacional de la Difusi\u00f3n de la Cultura Bio\u00e9tica.<\/p>\n<p style=\"font-weight: 400; text-align: justify;\">En este foro, que organizan la Coordinaci\u00f3n General de Staff de Rector\u00eda y la Comisi\u00f3n de Bio\u00e9tica del Estado de Tlaxcala (COBIET), el Doctor Ortiz remarc\u00f3 que hoy en d\u00eda el gobierno y las universidades est\u00e1n interesados en atender a las criaturas desde un enfoque de cari\u00f1o sensible, atenci\u00f3n permanente y formaci\u00f3n integral.<\/p>\n<p style=\"font-weight: 400; text-align: justify;\">En el Anexo a Rector\u00eda, asegur\u00f3 que en la UATx interesa que la educaci\u00f3n inicial se plantee como una din\u00e1mica de las universidades que son part\u00edcipes del proyecto que lidera la Aut\u00f3noma de Tlaxcala y se buscar\u00e1 que m\u00e1s IES se integren de acuerdo al rumbo y directrices que marque el gobierno federal a trav\u00e9s de la Secretar\u00eda de Educaci\u00f3n P\u00fablica (SEP), por ello, se cuenta con especialidades, licenciatura, maestr\u00eda y doctorado en esta disciplina del saber.<\/p>\n<p style=\"font-weight: 400; text-align: justify;\">Por su parte, la Maestra Irma Lilia Luna Fuentes, Subsecretaria de Educaci\u00f3n Inicial de la SEP, reconoci\u00f3 el trabajo que realiza la UATx en favor de la educaci\u00f3n inicial, lo que la posiciona como pionera en la generaci\u00f3n de estas acciones para el bienestar y el desarrollo de la ni\u00f1ez en su etapa temprana.<\/p>\n<p style=\"font-weight: 400; text-align: justify;\">Sostuvo que este espacio ha convocado a especialistas en bio\u00e9tica para revisar la visi\u00f3n de esta disciplina en la educaci\u00f3n inicial, debido a que se necesita generar estrategias para cuidar de la especie humana y, en particular, desde la etapa de gestaci\u00f3n y los primeros a\u00f1os de vida; la Nueva Escuela Mexicana, concluy\u00f3, busca apropiarse de estas tareas para el desarrollo integral de los infantes en el pa\u00eds.<\/p>\n<p style=\"font-weight: 400; text-align: justify;\">En su oportunidad, el Doctor Alfredo Ad\u00e1n Pimentel, Coordinador del Staff de Rector\u00eda, expuso que la bio\u00e9tica es el puente entre el saber y el cuidar, la t\u00e9cnica y la ternura, porque\u00a0invita a reflexionar de qu\u00e9 manera cada decisi\u00f3n m\u00e9dica, educativa o social tiene un impacto profundo en la dignidad del ni\u00f1o y en el tipo de humanidad que construimos. En este sentido, se\u00f1al\u00f3 que desde la filosof\u00eda del Modelo Humanista Integrador basado en Capacidades se orienta el desarrollo pleno del ser humano, sus conocimientos y su compromiso con la colectividad.<\/p>\n<p style=\"font-weight: 400; text-align: justify;\">Como parte de las actividades acad\u00e9micas programadas en este Simposio, el Doctor Raymundo Cuevas Escalante, Neur\u00f3logo Pediatra y Maestro en Bio\u00e9tica de la COBIET, dict\u00f3 la ponencia \u201cBio\u00e9tica del neurodesarrollo\u201d, y subray\u00f3 que\u00a0 la bio\u00e9tica tiene como objetivo fundamental el cuidado de los dem\u00e1s, sobre todo de los m\u00e1s vulnerables, porque esta condici\u00f3n exige considerar el valor de la solidaridad hacia las personas, puesto que todos los seres humanos somos esencialmente fr\u00e1giles y, por ende, vulnerables, lo cual exige alcanzar un equilibrio entre la aceptaci\u00f3n de esta vulnerabilidad y la aspiraci\u00f3n de erradicarla.<\/p>\n<p style=\"font-weight: 400; text-align: justify;\">En su disertaci\u00f3n \u201cAportaciones del curr\u00edculo nacional aplicable a la educaci\u00f3n inicial a los principios de la bio\u00e9tica, la Maestra Irma Lilia Luna expuso que una planeaci\u00f3n debe contener elementos como el juego, la creatividad, la autonom\u00eda, el sostenimiento afectivo y la crianza compartida, porque el ni\u00f1o siente cuando es aceptado, se conduce tal como es, vive seg\u00fan su propio ritmo de desarrollo, el cual debe ser respetado, de lo contario, se traduce en una no aceptaci\u00f3n de su persona.<\/p>\n<p style=\"font-weight: 400; text-align: justify;\">Adem\u00e1s, el Doctor \u00c1ngel Alonso Salas, con especialidad en bio\u00e9tica por la Universidad Nacional Aut\u00f3noma de M\u00e9xico, habl\u00f3 acerca de la \u201cBio\u00e9tica e infancia: Un reto de nuestro tiempo\u201d. Para concluir el Simposio, hubo una mesa redonda con la intervenci\u00f3n de los ponentes invitados que fue coordinada por el Doctor Alfredo Ad\u00e1n Pimentel.<\/p>\n","protected":false},"excerpt":{"rendered":"<p>El foro invit\u00f3 a reflexionar de qu\u00e9 manera cada decisi\u00f3n m\u00e9dica, educativa o social impacta en la dignidad del ni\u00f1o y en el tipo de humanidad que construimos El tema de atenci\u00f3n a la primera infancia en M\u00e9xico implica un procedimiento reciente de atenci\u00f3n del gobierno de la rep\u00fablica de los infantes de 0 a [&hellip;]<\/p>\n","protected":false},"author":3,"featured_media":51970,"comment_status":"open","ping_status":"open","sticky":false,"template":"","format":"standard","meta":{"footnotes":""},"categories":[7,213,241],"tags":[],"class_list":["post-51969","post","type-post","status-publish","format-standard","has-post-thumbnail","hentry","category-ciudadanos","category-educacion","category-uatx"],"amp_enabled":true,"_links":{"self":[{"href":"https:\/\/labestiapolitica.com.mx\/index.php?rest_route=\/wp\/v2\/posts\/51969","targetHints":{"allow":["GET"]}}],"collection":[{"href":"https:\/\/labestiapolitica.com.mx\/index.php?rest_route=\/wp\/v2\/posts"}],"about":[{"href":"https:\/\/labestiapolitica.com.mx\/index.php?rest_route=\/wp\/v2\/types\/post"}],"author":[{"embeddable":true,"href":"https:\/\/labestiapolitica.com.mx\/index.php?rest_route=\/wp\/v2\/users\/3"}],"replies":[{"embeddable":true,"href":"https:\/\/labestiapolitica.com.mx\/index.php?rest_route=%2Fwp%2Fv2%2Fcomments&post=51969"}],"version-history":[{"count":1,"href":"https:\/\/labestiapolitica.com.mx\/index.php?rest_route=\/wp\/v2\/posts\/51969\/revisions"}],"predecessor-version":[{"id":51971,"href":"https:\/\/labestiapolitica.com.mx\/index.php?rest_route=\/wp\/v2\/posts\/51969\/revisions\/51971"}],"wp:featuredmedia":[{"embeddable":true,"href":"https:\/\/labestiapolitica.com.mx\/index.php?rest_route=\/wp\/v2\/media\/51970"}],"wp:attachment":[{"href":"https:\/\/labestiapolitica.com.mx\/index.php?rest_route=%2Fwp%2Fv2%2Fmedia&parent=51969"}],"wp:term":[{"taxonomy":"category","embeddable":true,"href":"https:\/\/labestiapolitica.com.mx\/index.php?rest_route=%2Fwp%2Fv2%2Fcategories&post=51969"},{"taxonomy":"post_tag","embeddable":true,"href":"https:\/\/labestiapolitica.com.mx\/index.php?rest_route=%2Fwp%2Fv2%2Ftags&post=51969"}],"curies":[{"name":"wp","href":"https:\/\/api.w.org\/{rel}","templated":true}]}}