{"id":51972,"date":"2025-10-22T18:51:07","date_gmt":"2025-10-23T00:51:07","guid":{"rendered":"https:\/\/labestiapolitica.com.mx\/?p=51972"},"modified":"2025-10-22T18:51:07","modified_gmt":"2025-10-23T00:51:07","slug":"dialoga-lorena-ruiz-con-integrantes-de-la-colectiva-501-capitulo-tlaxcala-sobre-agenda-de-genero","status":"publish","type":"post","link":"https:\/\/labestiapolitica.com.mx\/?p=51972","title":{"rendered":"Dialoga Lorena Ruiz con integrantes de la colectiva 50+1 Cap\u00edtulo Tlaxcala sobre agenda de g\u00e9nero."},"content":{"rendered":"<p style=\"font-weight: 400; text-align: justify;\">En el Sal\u00f3n Blanco del Congreso del Estado, la diputada Lorena Ruiz Garc\u00eda, presidenta de la Comisi\u00f3n de Igualdad de G\u00e9nero y Contra la Trata de Personas de la LXV Legislatura, sostuvo una reuni\u00f3n con mujeres integrantes de la colectiva 50+1 Cap\u00edtulo Tlaxcala, con el objetivo de recibir y analizar un documento que contiene consideraciones respecto al impacto en la normatividad estatal, sobre las causas que afectan a la poblaci\u00f3n femenina en Tlaxcala.<\/p>\n<p style=\"font-weight: 400; text-align: justify;\">Ruiz Garc\u00eda manifest\u00f3 su respaldo al tema y agradeci\u00f3 la presencia de las integrantes de la citada colectiva. Refrend\u00f3 su compromiso, como presidenta de la Comisi\u00f3n citada, de atender las consideraciones que la Convenci\u00f3n sobre la Eliminaci\u00f3n de Todas las Formas de Discriminaci\u00f3n Contra la Mujer (CEDAW, por sus siglas en ingl\u00e9s) ha emitido para M\u00e9xico y su adaptaci\u00f3n local en Tlaxcala.<\/p>\n<p style=\"font-weight: 400; text-align: justify;\">Por su parte, las integrantes de la colectiva, expusieron diversos temas, entre los que destacaron orientar la pol\u00edtica tlaxcalteca de fomento agropecuario con perspectiva de g\u00e9nero, eliminar los estereotipos en las leyes locales e incluir la socializaci\u00f3n de las leyes en los art\u00edculos transitorios de las iniciativas aprobadas que buscan mejorar las condiciones de vida de las mujeres del estado.<\/p>\n<p style=\"font-weight: 400; text-align: justify;\">Las activistas por los derechos de las mujeres consideraron que este documento constituye una \u201cgu\u00eda amplia\u201d que puede fortalecer la agenda legislativa de las diputadas del Congreso del Estado. Compartieron adem\u00e1s testimonios personales con los que la diputada Lorena Ruiz coincidi\u00f3, al asegurar que se buscar\u00e1 difundir estas consideraciones para promover una agenda con perspectiva de g\u00e9nero que empodere a las mujeres y que resalte la cooperaci\u00f3n entre la sociedad civil y las autoridades.<\/p>\n<p>&nbsp;<\/p>\n<p><img loading=\"lazy\" decoding=\"async\" class=\"alignnone size-full wp-image-28405\" src=\"https:\/\/labestiapolitica.com.mx\/wp-content\/uploads\/2024\/06\/U-NOVA-y-se-diferente.png\" alt=\"\" width=\"1000\" height=\"600\" srcset=\"https:\/\/labestiapolitica.com.mx\/wp-content\/uploads\/2024\/06\/U-NOVA-y-se-diferente.png 1000w, https:\/\/labestiapolitica.com.mx\/wp-content\/uploads\/2024\/06\/U-NOVA-y-se-diferente-300x180.png 300w, https:\/\/labestiapolitica.com.mx\/wp-content\/uploads\/2024\/06\/U-NOVA-y-se-diferente-768x461.png 768w\" sizes=\"auto, (max-width: 1000px) 100vw, 1000px\" \/><\/p>\n","protected":false},"excerpt":{"rendered":"<p>En el Sal\u00f3n Blanco del Congreso del Estado, la diputada Lorena Ruiz Garc\u00eda, presidenta de la Comisi\u00f3n de Igualdad de G\u00e9nero y Contra la Trata de Personas de la LXV Legislatura, sostuvo una reuni\u00f3n con mujeres integrantes de la colectiva 50+1 Cap\u00edtulo Tlaxcala, con el objetivo de recibir y analizar un documento que contiene consideraciones [&hellip;]<\/p>\n","protected":false},"author":3,"featured_media":51973,"comment_status":"open","ping_status":"open","sticky":false,"template":"","format":"standard","meta":{"footnotes":""},"categories":[7,224],"tags":[],"class_list":["post-51972","post","type-post","status-publish","format-standard","has-post-thumbnail","hentry","category-ciudadanos","category-congreso-del-estado-de-tlaxcala"],"amp_enabled":true,"_links":{"self":[{"href":"https:\/\/labestiapolitica.com.mx\/index.php?rest_route=\/wp\/v2\/posts\/51972","targetHints":{"allow":["GET"]}}],"collection":[{"href":"https:\/\/labestiapolitica.com.mx\/index.php?rest_route=\/wp\/v2\/posts"}],"about":[{"href":"https:\/\/labestiapolitica.com.mx\/index.php?rest_route=\/wp\/v2\/types\/post"}],"author":[{"embeddable":true,"href":"https:\/\/labestiapolitica.com.mx\/index.php?rest_route=\/wp\/v2\/users\/3"}],"replies":[{"embeddable":true,"href":"https:\/\/labestiapolitica.com.mx\/index.php?rest_route=%2Fwp%2Fv2%2Fcomments&post=51972"}],"version-history":[{"count":1,"href":"https:\/\/labestiapolitica.com.mx\/index.php?rest_route=\/wp\/v2\/posts\/51972\/revisions"}],"predecessor-version":[{"id":51974,"href":"https:\/\/labestiapolitica.com.mx\/index.php?rest_route=\/wp\/v2\/posts\/51972\/revisions\/51974"}],"wp:featuredmedia":[{"embeddable":true,"href":"https:\/\/labestiapolitica.com.mx\/index.php?rest_route=\/wp\/v2\/media\/51973"}],"wp:attachment":[{"href":"https:\/\/labestiapolitica.com.mx\/index.php?rest_route=%2Fwp%2Fv2%2Fmedia&parent=51972"}],"wp:term":[{"taxonomy":"category","embeddable":true,"href":"https:\/\/labestiapolitica.com.mx\/index.php?rest_route=%2Fwp%2Fv2%2Fcategories&post=51972"},{"taxonomy":"post_tag","embeddable":true,"href":"https:\/\/labestiapolitica.com.mx\/index.php?rest_route=%2Fwp%2Fv2%2Ftags&post=51972"}],"curies":[{"name":"wp","href":"https:\/\/api.w.org\/{rel}","templated":true}]}}