{"id":51978,"date":"2025-10-22T19:33:25","date_gmt":"2025-10-23T01:33:25","guid":{"rendered":"https:\/\/labestiapolitica.com.mx\/?p=51978"},"modified":"2025-10-22T19:33:25","modified_gmt":"2025-10-23T01:33:25","slug":"mexico-es-hoy-referente-mundial-en-materia-de-sana-alimentacion-afirma-ana-lilia-rivera-en-foro-internacional","status":"publish","type":"post","link":"https:\/\/labestiapolitica.com.mx\/?p=51978","title":{"rendered":"M\u00e9xico es hoy referente mundial en materia de sana alimentaci\u00f3n, afirma Ana Lilia Rivera en Foro Internacional."},"content":{"rendered":"<ul>\n<li style=\"text-align: justify;\">Hoy la alimentaci\u00f3n debe ser una prioridad en las agendas legislativas de todos los pa\u00edses para lograr hambre cero en Am\u00e9rica Latina y el Caribe, sostiene la Senadora tlaxcalteca<\/li>\n<\/ul>\n<p style=\"text-align: justify;\">M\u00e9xico es hoy un referente mundial en materia de sana alimentaci\u00f3n, debido a las leyes, acciones y programas implementados durante los \u00faltimos siete a\u00f1os por el Gobierno de M\u00e9xico, afirm\u00f3 este mi\u00e9rcoles la Senadora Ana Lilia Rivera Rivera, en la inauguraci\u00f3n del Primer Foro Parlamentario Iberoamericano y Caribe\u00f1o por la Seguridad Alimentaria, donde destac\u00f3 el reconocimiento del Metepantle Tlaxcalteca como Sistema Importante para el Sistema Agr\u00edcola Mundial por parte de la Organizaci\u00f3n de las Naciones Unidas para la Alimentaci\u00f3n de la Agricultura (FAO).<\/p>\n<p style=\"text-align: justify;\">Este foro se lleva a cabo en M\u00e9xico gracias al liderazgo y reconocimiento mundial que tiene la Senadora Ana Lilia Rivera Rivera como Coordinadora del Frente Parlamentario contra el Hambre, Cap\u00edtulo M\u00e9xico, as\u00ed como a las leyes que ha impulsado en nuestro pa\u00eds y que han sido retomadas en parlamentos de otras naciones.<br \/>\nEl tambi\u00e9n conocido como #ForoSan2025, es una alianza sin precedentes de parlamentos iberoamericanos, latinoamericanos y caribe\u00f1os que buscan transformar los sistemas alimentarios, acordar un pacto contra el hambre y poner primero la alimentaci\u00f3n en todas las agendas legislativas.<br \/>\nEn el primer d\u00eda de trabajos de este importante Foro, la legisladora tlaxcalteca reconoci\u00f3 que si bien muchas veces el trabajo legislativo pasa casi desapercibido para muchos actores, es importante intensificar el trabajo en el \u00e1mbito parlamentario a favor de quienes padecen hambre y malnutrici\u00f3n, debido a razones de salud, desarrollo social, justicia y crecimiento econ\u00f3mico.<\/p>\n<p style=\"text-align: justify;\">En su participaci\u00f3n durante el acto inaugural, Ana Lilia Rivera destac\u00f3 la importancia de avanzar hacia el cumplimiento del desarrollo sostenible y hambre cero, no s\u00f3lo construyendo alianzas s\u00f3lidas sin mirar partidos pol\u00edticos ni fronteras territoriales, sino fortaleciendo las acciones que desde el \u00e1mbito legislativo se implementan para contribuir y garantizar la seguridad alimentaria y nutricional.<\/p>\n<p style=\"text-align: justify;\">Ante parlamentarios de Espa\u00f1a, Portugal, Iberoam\u00e9rica, Am\u00e9rica Latina y el Caribe, as\u00ed como representaciones de organismos internacionales como la FAO, el Parlatino y la Cooperaci\u00f3n Internacional para el Desarrollo, lo mismo que de instituciones acad\u00e9micas y del gobierno federal, la Senadora por Tlaxcala destac\u00f3 el trabajo legislativo que ha realizado M\u00e9xico durante los \u00faltimos a\u00f1os en materia del derecho humano a una sana alimentaci\u00f3n.<\/p>\n<p style=\"text-align: justify;\">En esa tesitura, mencion\u00f3 algunas de las leyes que ha impulsado desde su esca\u00f1o en el Senado, tales como la Regulaci\u00f3n de la Sana Alimentaci\u00f3n en Entornos Escolares, la Ley de Etiquetado Frontal de Alimentos, la Ley de Fomento y Protecci\u00f3n al Ma\u00edz Nativo y m\u00e1s reciente la Ley General de Alimentaci\u00f3n Adecuada y Sostenible, que hoy es la base del reglamento de este derecho humano en M\u00e9xico.<\/p>\n<p style=\"text-align: justify;\">Asimismo, se refiri\u00f3 al reconocimiento que este a\u00f1o hizo la FAO del Metepantle Tlaxcalteca, como Sistema Importante del Patrimonio Agr\u00edcola Mundial, base de la agricultura y alimentaci\u00f3n sostenible en nuestro pa\u00eds, y que es hoy un modelo mundial para enfrentar el cambio clim\u00e1tico y fortalecer la producci\u00f3n de alimentos sanos, de calidad y nutritivos.<br \/>\nAna Lilia Rivera reconoci\u00f3 que si bien la pluralidad pol\u00edtica que hay en los \u00f3rganos legislativos en nuestro pa\u00eds ha hecho dif\u00edcil poder llegar a acuerdos, gracias a que M\u00e9xico tiene una presidenta comprometida con la sana alimentaci\u00f3n y el medio ambiente se han sacado adelante pol\u00edticas y presupuestos para garantizar la salud de las y los mexicanos, bajo la regulaci\u00f3n de una alimentaci\u00f3n nutritiva y de calidad para todas y todos los mexicanos.<\/p>\n<p style=\"text-align: justify;\">Rivera Rivera precis\u00f3 tambi\u00e9n que M\u00e9xico cumple con su compromiso y trabajo a trav\u00e9s de las Tiendas del Bienestar que est\u00e1n llevando alimentos de buena calidad a las zonas m\u00e1s pobres y apartadas del pa\u00eds, priorizando la comercializaci\u00f3n a productos provenientes del peque\u00f1o y mediano productor.<\/p>\n<p style=\"text-align: justify;\">En ese contexto, insisti\u00f3 en la importancia de los trabajos de este Primer Foro Parlamentario Iberoamericano y Caribe\u00f1o por la Seguridad Alimentaria, pues permitir\u00e1 compartir esfuerzos legislativos de diferentes pa\u00edses, que incluso se han traducido en leyes modelo que ahora mismo son un referente en el mundo. \u201cFormamos parte de un continente que es el \u00fanico que ha logrado reducir los niveles de hambre. Por ello mismo, Am\u00e9rica Latina y el Caribe son una esperanza para el mundo\u201d, sostuvo.<\/p>\n<p>&nbsp;<\/p>\n<p><img loading=\"lazy\" decoding=\"async\" class=\"alignnone size-full wp-image-28405\" src=\"https:\/\/labestiapolitica.com.mx\/wp-content\/uploads\/2024\/06\/U-NOVA-y-se-diferente.png\" alt=\"\" width=\"1000\" height=\"600\" srcset=\"https:\/\/labestiapolitica.com.mx\/wp-content\/uploads\/2024\/06\/U-NOVA-y-se-diferente.png 1000w, https:\/\/labestiapolitica.com.mx\/wp-content\/uploads\/2024\/06\/U-NOVA-y-se-diferente-300x180.png 300w, https:\/\/labestiapolitica.com.mx\/wp-content\/uploads\/2024\/06\/U-NOVA-y-se-diferente-768x461.png 768w\" sizes=\"auto, (max-width: 1000px) 100vw, 1000px\" \/><\/p>\n","protected":false},"excerpt":{"rendered":"<p>Hoy la alimentaci\u00f3n debe ser una prioridad en las agendas legislativas de todos los pa\u00edses para lograr hambre cero en Am\u00e9rica Latina y el Caribe, sostiene la Senadora tlaxcalteca M\u00e9xico es hoy un referente mundial en materia de sana alimentaci\u00f3n, debido a las leyes, acciones y programas implementados durante los \u00faltimos siete a\u00f1os por el [&hellip;]<\/p>\n","protected":false},"author":3,"featured_media":51979,"comment_status":"open","ping_status":"open","sticky":false,"template":"","format":"standard","meta":{"footnotes":""},"categories":[7,10,230],"tags":[],"class_list":["post-51978","post","type-post","status-publish","format-standard","has-post-thumbnail","hentry","category-ciudadanos","category-nacional-e-internacional","category-senado-de-mexico"],"amp_enabled":true,"_links":{"self":[{"href":"https:\/\/labestiapolitica.com.mx\/index.php?rest_route=\/wp\/v2\/posts\/51978","targetHints":{"allow":["GET"]}}],"collection":[{"href":"https:\/\/labestiapolitica.com.mx\/index.php?rest_route=\/wp\/v2\/posts"}],"about":[{"href":"https:\/\/labestiapolitica.com.mx\/index.php?rest_route=\/wp\/v2\/types\/post"}],"author":[{"embeddable":true,"href":"https:\/\/labestiapolitica.com.mx\/index.php?rest_route=\/wp\/v2\/users\/3"}],"replies":[{"embeddable":true,"href":"https:\/\/labestiapolitica.com.mx\/index.php?rest_route=%2Fwp%2Fv2%2Fcomments&post=51978"}],"version-history":[{"count":1,"href":"https:\/\/labestiapolitica.com.mx\/index.php?rest_route=\/wp\/v2\/posts\/51978\/revisions"}],"predecessor-version":[{"id":51980,"href":"https:\/\/labestiapolitica.com.mx\/index.php?rest_route=\/wp\/v2\/posts\/51978\/revisions\/51980"}],"wp:featuredmedia":[{"embeddable":true,"href":"https:\/\/labestiapolitica.com.mx\/index.php?rest_route=\/wp\/v2\/media\/51979"}],"wp:attachment":[{"href":"https:\/\/labestiapolitica.com.mx\/index.php?rest_route=%2Fwp%2Fv2%2Fmedia&parent=51978"}],"wp:term":[{"taxonomy":"category","embeddable":true,"href":"https:\/\/labestiapolitica.com.mx\/index.php?rest_route=%2Fwp%2Fv2%2Fcategories&post=51978"},{"taxonomy":"post_tag","embeddable":true,"href":"https:\/\/labestiapolitica.com.mx\/index.php?rest_route=%2Fwp%2Fv2%2Ftags&post=51978"}],"curies":[{"name":"wp","href":"https:\/\/api.w.org\/{rel}","templated":true}]}}