{"id":51981,"date":"2025-10-22T19:42:58","date_gmt":"2025-10-23T01:42:58","guid":{"rendered":"https:\/\/labestiapolitica.com.mx\/?p=51981"},"modified":"2025-10-22T19:42:58","modified_gmt":"2025-10-23T01:42:58","slug":"desde-aamtlax-se-fortalecen-acciones-en-materia-de-justicia-administrativa-e-igualdad-de-genero-alfonso-sanchez-garcia","status":"publish","type":"post","link":"https:\/\/labestiapolitica.com.mx\/?p=51981","title":{"rendered":"Desde AAMTlax se fortalecen acciones en materia de justicia administrativa e igualdad de g\u00e9nero: Alfonso S\u00e1nchez Garc\u00eda."},"content":{"rendered":"<p style=\"text-align: justify;\">La Asociaci\u00f3n de Autoridades Municipales de Tlaxcala (AAMTLAX), que preside Alfonso S\u00e1nchez Garc\u00eda, llev\u00f3 a cabo su D\u00e9cima Sesi\u00f3n Ordinaria en el municipio de Tocatl\u00e1n, donde se abordaron dos temas de relevancia para las administraciones locales, tal es el caso del cumplimiento de resoluciones del Tribunal de Justicia Administrativa (TJA) y la prevenci\u00f3n de la violencia pol\u00edtica en raz\u00f3n de g\u00e9nero.<\/p>\n<p style=\"text-align: justify;\">La sesi\u00f3n fue presidida por el alcalde de Tocatl\u00e1n, anfitri\u00f3n del evento, Sergio Avenda\u00f1o P\u00e9rez, quien dio la bienvenida a sus hom\u00f3logos y condujo los trabajos de este encuentro.<\/p>\n<p style=\"text-align: justify;\">En su mensaje de apertura, el presidente de AAMTLAX, Alfonso S\u00e1nchez Garc\u00eda, reconoci\u00f3 la hospitalidad del alcalde anfitri\u00f3n y destac\u00f3 que este tipo de espacios fortalecen el di\u00e1logo y el trabajo en equipo entre los gobiernos locales.<\/p>\n<p style=\"text-align: justify;\">\u201cLa cooperaci\u00f3n es la clave para transformar realidades\u201d, expres\u00f3 al reiterar su llamado a las y los presidentes municipales para continuar con el impulso de buenas pr\u00e1cticas de gobernanza y transparencia.<\/p>\n<p style=\"text-align: justify;\">Durante la sesi\u00f3n, el magistrado presidente del TJA, Manuel V\u00e1zquez Conchas, imparti\u00f3 la ponencia \u201cConcientizaci\u00f3n para un correcto cumplimiento de autos o resoluciones emitidas por el TJA en los cuales se vinculen a los ayuntamientos como autoridades administrativas\u201d, con el prop\u00f3sito de evitar multas, sanciones o responsabilidades derivadas de un incumplimiento de la ley.<\/p>\n<p style=\"text-align: justify;\">Su participaci\u00f3n fue reconocida por los alcaldes como una valiosa contribuci\u00f3n y aprovecharon la oportunidad para despejar dudas sobre temas relacionados con dicha materia en sus comunas.<\/p>\n<p style=\"text-align: justify;\">M\u00e1s tarde, la consejera electoral y presidenta de la Comisi\u00f3n de Igualdad y No Discriminaci\u00f3n del Instituto Tlaxcalteca de Elecciones (ITE), Janet Cervantes Ahuatzi, ofreci\u00f3 la exposici\u00f3n \u201cPrevenci\u00f3n de Violencia Pol\u00edtica por Raz\u00f3n de G\u00e9nero en las Administraciones Municipales\u201d, donde subray\u00f3 la importancia de garantizar ambientes laborales libres de discriminaci\u00f3n y fomentar la participaci\u00f3n equitativa de las mujeres en la toma de decisiones p\u00fablicas.<\/p>\n<p style=\"text-align: justify;\">Ah\u00ed la consejera del \u00f3rgano electoral invit\u00f3 a los alcaldes a sumarse a estas actividades y agendar encuentros con el personal de los ayuntamientos para ahondar sobre este tema.<\/p>\n<p style=\"text-align: justify;\">Los trabajos concluyeron con varios acuerdos, entre ellos que est\u00e1 pr\u00f3ximo a realizarse la ceremonia del primer aniversario de la creaci\u00f3n de esta asociaci\u00f3n civil de alcaldes, que se prev\u00e9 se llevar\u00e1 a cabo en los primeros d\u00edas de diciembre.<\/p>\n<p>&nbsp;<\/p>\n<p><img loading=\"lazy\" decoding=\"async\" class=\"alignnone size-full wp-image-28405\" src=\"https:\/\/labestiapolitica.com.mx\/wp-content\/uploads\/2024\/06\/U-NOVA-y-se-diferente.png\" alt=\"\" width=\"1000\" height=\"600\" srcset=\"https:\/\/labestiapolitica.com.mx\/wp-content\/uploads\/2024\/06\/U-NOVA-y-se-diferente.png 1000w, https:\/\/labestiapolitica.com.mx\/wp-content\/uploads\/2024\/06\/U-NOVA-y-se-diferente-300x180.png 300w, https:\/\/labestiapolitica.com.mx\/wp-content\/uploads\/2024\/06\/U-NOVA-y-se-diferente-768x461.png 768w\" sizes=\"auto, (max-width: 1000px) 100vw, 1000px\" \/><\/p>\n","protected":false},"excerpt":{"rendered":"<p>La Asociaci\u00f3n de Autoridades Municipales de Tlaxcala (AAMTLAX), que preside Alfonso S\u00e1nchez Garc\u00eda, llev\u00f3 a cabo su D\u00e9cima Sesi\u00f3n Ordinaria en el municipio de Tocatl\u00e1n, donde se abordaron dos temas de relevancia para las administraciones locales, tal es el caso del cumplimiento de resoluciones del Tribunal de Justicia Administrativa (TJA) y la prevenci\u00f3n de la [&hellip;]<\/p>\n","protected":false},"author":3,"featured_media":51983,"comment_status":"open","ping_status":"open","sticky":false,"template":"","format":"standard","meta":{"footnotes":""},"categories":[7,216,214],"tags":[],"class_list":["post-51981","post","type-post","status-publish","format-standard","has-post-thumbnail","hentry","category-ciudadanos","category-municipios","category-tlaxcala-capital"],"amp_enabled":true,"_links":{"self":[{"href":"https:\/\/labestiapolitica.com.mx\/index.php?rest_route=\/wp\/v2\/posts\/51981","targetHints":{"allow":["GET"]}}],"collection":[{"href":"https:\/\/labestiapolitica.com.mx\/index.php?rest_route=\/wp\/v2\/posts"}],"about":[{"href":"https:\/\/labestiapolitica.com.mx\/index.php?rest_route=\/wp\/v2\/types\/post"}],"author":[{"embeddable":true,"href":"https:\/\/labestiapolitica.com.mx\/index.php?rest_route=\/wp\/v2\/users\/3"}],"replies":[{"embeddable":true,"href":"https:\/\/labestiapolitica.com.mx\/index.php?rest_route=%2Fwp%2Fv2%2Fcomments&post=51981"}],"version-history":[{"count":1,"href":"https:\/\/labestiapolitica.com.mx\/index.php?rest_route=\/wp\/v2\/posts\/51981\/revisions"}],"predecessor-version":[{"id":51984,"href":"https:\/\/labestiapolitica.com.mx\/index.php?rest_route=\/wp\/v2\/posts\/51981\/revisions\/51984"}],"wp:featuredmedia":[{"embeddable":true,"href":"https:\/\/labestiapolitica.com.mx\/index.php?rest_route=\/wp\/v2\/media\/51983"}],"wp:attachment":[{"href":"https:\/\/labestiapolitica.com.mx\/index.php?rest_route=%2Fwp%2Fv2%2Fmedia&parent=51981"}],"wp:term":[{"taxonomy":"category","embeddable":true,"href":"https:\/\/labestiapolitica.com.mx\/index.php?rest_route=%2Fwp%2Fv2%2Fcategories&post=51981"},{"taxonomy":"post_tag","embeddable":true,"href":"https:\/\/labestiapolitica.com.mx\/index.php?rest_route=%2Fwp%2Fv2%2Ftags&post=51981"}],"curies":[{"name":"wp","href":"https:\/\/api.w.org\/{rel}","templated":true}]}}