{"id":51988,"date":"2025-10-22T19:57:07","date_gmt":"2025-10-23T01:57:07","guid":{"rendered":"https:\/\/labestiapolitica.com.mx\/?p=51988"},"modified":"2025-10-22T19:57:07","modified_gmt":"2025-10-23T01:57:07","slug":"el-deporte-nos-une-transforma-y-nos-aleja-de-la-violencia-alfonso-sanchez-garcia","status":"publish","type":"post","link":"https:\/\/labestiapolitica.com.mx\/?p=51988","title":{"rendered":"El deporte nos une, transforma y nos aleja de la violencia: Alfonso S\u00e1nchez Garc\u00eda."},"content":{"rendered":"<article class=\"text-token-text-primary w-full focus:outline-none [--shadow-height:45px] has-data-writing-block:pointer-events-none has-data-writing-block:-mt-(--shadow-height) has-data-writing-block:pt-(--shadow-height) [&amp;:has([data-writing-block])&gt;*]:pointer-events-auto scroll-mt-[calc(var(--header-height)+min(200px,max(70px,20svh)))]\" dir=\"auto\" tabindex=\"-1\" data-turn-id=\"request-6893db7b-9434-832e-ac9d-f60ec7608623-5\" data-testid=\"conversation-turn-374\" data-scroll-anchor=\"true\" data-turn=\"assistant\">\n<div class=\"text-base my-auto mx-auto pb-10 [--thread-content-margin:--spacing(4)] thread-sm:[--thread-content-margin:--spacing(6)] thread-lg:[--thread-content-margin:--spacing(16)] px-(--thread-content-margin)\">\n<div class=\"[--thread-content-max-width:40rem] thread-lg:[--thread-content-max-width:48rem] mx-auto max-w-(--thread-content-max-width) flex-1 group\/turn-messages focus-visible:outline-hidden relative flex w-full min-w-0 flex-col agent-turn\" tabindex=\"-1\">\n<div class=\"flex max-w-full flex-col grow\">\n<div class=\"min-h-8 text-message relative flex w-full flex-col items-end gap-2 text-start break-words whitespace-normal [.text-message+&amp;]:mt-1\" dir=\"auto\" data-message-author-role=\"assistant\" data-message-id=\"8e85e009-f95a-4fe0-b00c-ee3ba360895c\" data-message-model-slug=\"gpt-5\">\n<div class=\"flex w-full flex-col gap-1 empty:hidden first:pt-[1px]\">\n<div class=\"markdown prose dark:prose-invert w-full break-words dark markdown-new-styling\">\n<ul>\n<li style=\"text-align: justify;\" data-start=\"59\" data-end=\"146\">El alcalde de la capital inaugur\u00f3 la rehabilitaci\u00f3n de la cancha de front\u00f3n en la Colonia Adolfo L\u00f3pez Mateos.<\/li>\n<\/ul>\n<\/div>\n<\/div>\n<\/div>\n<\/div>\n<\/div>\n<\/div>\n<\/article>\n<p style=\"text-align: justify;\">\n\u201cEl deporte nos une, porque es una de las herramientas m\u00e1s efectivas para prevenir la violencia y fortalecer el tejido social. Fomenta la disciplina, el respeto, la salud y la convivencia\u201d, afirm\u00f3 el presidente municipal de Tlaxcala, Alfonso S\u00e1nchez Garc\u00eda, al encabezar la reapertura de la cancha de front\u00f3n y el inicio de la Liga Interestatal de Front\u00f3n en la colonia Adolfo L\u00f3pez Mateos.<\/p>\n<p style=\"text-align: justify;\">Como parte de la Estrategia Sendero Seguro, orientada al rescate de espacios p\u00fablicos, y en un ambiente de alegr\u00eda, el alcalde subray\u00f3 que cada lugar rehabilitado devuelve a las familias un lugar para reunirse, compartir y vivir con tranquilidad, adem\u00e1s de fortalecer el sentido de comunidad.<\/p>\n<p style=\"text-align: justify;\">\u201cCuando los espacios se llenan de deporte y cultura, se vac\u00edan de violencia y abandono. Esa es la transformaci\u00f3n que juntos estamos construyendo\u201d, expres\u00f3 el edil capitalino ante deportistas, vecinos y funcionarios municipales.<\/p>\n<p style=\"text-align: justify;\">Asimismo, Alfonso S\u00e1nchez Garc\u00eda agradeci\u00f3 el respaldo de la gobernadora Lorena Cu\u00e9llar Cisneros, as\u00ed como la colaboraci\u00f3n de los vecinos y autoridades de comunidad por sumar esfuerzos en favor de una ciudad m\u00e1s activa, segura y unida.<\/p>\n<p style=\"text-align: justify;\">Durante el evento, Emmanuel V\u00e1zquez Nava, director de Bienestar Humano, explic\u00f3 que los trabajos de rehabilitaci\u00f3n de la cancha incluyeron el repillado completo de la barda lateral, la iluminaci\u00f3n integral del \u00e1rea deportiva y el mantenimiento general del espacio, gracias al trabajo conjunto de las direcciones de Obras P\u00fablicas, Servicios P\u00fablicos y Bienestar Humano del Ayuntamiento de Tlaxcala.<\/p>\n<p style=\"text-align: justify;\">Asimismo, destac\u00f3 que esta cancha, de dimensiones semiprofesionales, permitir\u00e1 el desarrollo de la Liga Interestatal de Front\u00f3n, que reunir\u00e1 a deportistas de Tlaxcala, Puebla e Hidalgo, lo que consolidar\u00e1 a la capital como punto de encuentro deportivo y social. \u201cEsta es una casa para los frontonistas, un lugar digno y lleno de energ\u00eda positiva\u201d, se\u00f1al\u00f3 el funcionario.<\/p>\n<p style=\"text-align: justify;\">En su oportunidad, la delegada de la colonia, Antonia Amalia Jim\u00e9nez Cote, agradeci\u00f3 esta rehabilitaci\u00f3n y destac\u00f3 los beneficios que tendr\u00e1 para la comunidad deportiva de la zona y de otros lugares aleda\u00f1os.<\/p>\n<p style=\"text-align: justify;\">Finalmente, los deportistas usuarios de esta cancha de front\u00f3n agradecieron ampliamente al alcalde Alfonso S\u00e1nchez Garc\u00eda su inter\u00e9s por rescatar estos espacios. \u201cAqu\u00ed puedes hacer deporte, amigos, y jugar mucho. Eso est\u00e1 muy bien porque as\u00ed no pensamos en vicios. Muchas gracias al presidente por arreglar la cancha y apoyarnos\u201d, expres\u00f3 Diego Alejandro Hern\u00e1ndez.<\/p>\n<p>&nbsp;<\/p>\n<p><img loading=\"lazy\" decoding=\"async\" class=\"alignnone size-full wp-image-28405\" src=\"https:\/\/labestiapolitica.com.mx\/wp-content\/uploads\/2024\/06\/U-NOVA-y-se-diferente.png\" alt=\"\" width=\"1000\" height=\"600\" srcset=\"https:\/\/labestiapolitica.com.mx\/wp-content\/uploads\/2024\/06\/U-NOVA-y-se-diferente.png 1000w, https:\/\/labestiapolitica.com.mx\/wp-content\/uploads\/2024\/06\/U-NOVA-y-se-diferente-300x180.png 300w, https:\/\/labestiapolitica.com.mx\/wp-content\/uploads\/2024\/06\/U-NOVA-y-se-diferente-768x461.png 768w\" sizes=\"auto, (max-width: 1000px) 100vw, 1000px\" \/><\/p>\n","protected":false},"excerpt":{"rendered":"<p>El alcalde de la capital inaugur\u00f3 la rehabilitaci\u00f3n de la cancha de front\u00f3n en la Colonia Adolfo L\u00f3pez Mateos. \u201cEl deporte nos une, porque es una de las herramientas m\u00e1s efectivas para prevenir la violencia y fortalecer el tejido social. Fomenta la disciplina, el respeto, la salud y la convivencia\u201d, afirm\u00f3 el presidente municipal de [&hellip;]<\/p>\n","protected":false},"author":3,"featured_media":51989,"comment_status":"open","ping_status":"open","sticky":false,"template":"","format":"standard","meta":{"footnotes":""},"categories":[5,216,214],"tags":[],"class_list":["post-51988","post","type-post","status-publish","format-standard","has-post-thumbnail","hentry","category-deportes","category-municipios","category-tlaxcala-capital"],"amp_enabled":true,"_links":{"self":[{"href":"https:\/\/labestiapolitica.com.mx\/index.php?rest_route=\/wp\/v2\/posts\/51988","targetHints":{"allow":["GET"]}}],"collection":[{"href":"https:\/\/labestiapolitica.com.mx\/index.php?rest_route=\/wp\/v2\/posts"}],"about":[{"href":"https:\/\/labestiapolitica.com.mx\/index.php?rest_route=\/wp\/v2\/types\/post"}],"author":[{"embeddable":true,"href":"https:\/\/labestiapolitica.com.mx\/index.php?rest_route=\/wp\/v2\/users\/3"}],"replies":[{"embeddable":true,"href":"https:\/\/labestiapolitica.com.mx\/index.php?rest_route=%2Fwp%2Fv2%2Fcomments&post=51988"}],"version-history":[{"count":1,"href":"https:\/\/labestiapolitica.com.mx\/index.php?rest_route=\/wp\/v2\/posts\/51988\/revisions"}],"predecessor-version":[{"id":51990,"href":"https:\/\/labestiapolitica.com.mx\/index.php?rest_route=\/wp\/v2\/posts\/51988\/revisions\/51990"}],"wp:featuredmedia":[{"embeddable":true,"href":"https:\/\/labestiapolitica.com.mx\/index.php?rest_route=\/wp\/v2\/media\/51989"}],"wp:attachment":[{"href":"https:\/\/labestiapolitica.com.mx\/index.php?rest_route=%2Fwp%2Fv2%2Fmedia&parent=51988"}],"wp:term":[{"taxonomy":"category","embeddable":true,"href":"https:\/\/labestiapolitica.com.mx\/index.php?rest_route=%2Fwp%2Fv2%2Fcategories&post=51988"},{"taxonomy":"post_tag","embeddable":true,"href":"https:\/\/labestiapolitica.com.mx\/index.php?rest_route=%2Fwp%2Fv2%2Ftags&post=51988"}],"curies":[{"name":"wp","href":"https:\/\/api.w.org\/{rel}","templated":true}]}}