{"id":51991,"date":"2025-10-22T20:24:23","date_gmt":"2025-10-23T02:24:23","guid":{"rendered":"https:\/\/labestiapolitica.com.mx\/?p=51991"},"modified":"2025-10-22T20:24:23","modified_gmt":"2025-10-23T02:24:23","slug":"necesario-aprender-a-ser-usuarios-criticos-de-medios-digitales-para-discernir-informacion-de-desinformacion","status":"publish","type":"post","link":"https:\/\/labestiapolitica.com.mx\/?p=51991","title":{"rendered":"Necesario aprender a ser usuarios cr\u00edticos de medios digitales para discernir informaci\u00f3n de desinformaci\u00f3n."},"content":{"rendered":"<ul>\n<li style=\"text-align: justify;\">Antonio Mart\u00ednez Vel\u00e1zquez subray\u00f3 la importancia de que los usuarios digitales est\u00e9n alerta y sean m\u00e1s cr\u00edticos para discernir en redes sociales lo que es o no verdad, y que los medios de comunicaci\u00f3n adviertan con responsabilidad la existencia de estos fen\u00f3menos en sus plataformas<\/li>\n<\/ul>\n<p style=\"text-align: justify;\">El coordinador de Comunicaci\u00f3n del Gobierno del Estado, Antonio Mart\u00ednez Vel\u00e1zquez, convoc\u00f3 a los medios de comunicaci\u00f3n y la ciudadan\u00eda a hacer del acceso a la informaci\u00f3n un instrumento para el debate abierto y democr\u00e1tico, que contribuya a la construcci\u00f3n de una mejor sociedad y haga frente a la desinformaci\u00f3n, principalmente, en redes sociales.<\/p>\n<p style=\"text-align: justify;\">En su intervenci\u00f3n, durante el Di\u00e1logo Circular realizado en el Auditorio \u201cTrinidad S\u00e1nchez Santos\u201d de la Coordinaci\u00f3n de Comunicaci\u00f3n (CCOM), explic\u00f3 c\u00f3mo emergen, actualmente, \u201cmovilizaciones estructuradas de mensaje que distorsionan la percepci\u00f3n colectiva y ponen en riesgo la autenticidad del di\u00e1logo democr\u00e1tico en Tlaxcala, en M\u00e9xico y en todo el mundo\u201d, fen\u00f3meno que, dijo, ataca la confianza ciudadana en las instituciones.<\/p>\n<p style=\"text-align: justify;\">El vocero del Gobierno de Tlaxcala indic\u00f3 que hay evidencia de \u201coperaciones digitales coordinadas, pagadas y automatizadas que buscan distorsionar la conversaci\u00f3n p\u00fablica digital en Tlaxcala y en otros estados del pa\u00eds\u201d, entre ellos Morelos, Puebla y el Estado de M\u00e9xico, incluso, a nivel nacional, como recientemente lo expuso la presidenta Claudia Sheinbaum, al detectar publicaciones negativas que provienen de perfiles de dudosa identidad, de reciente creaci\u00f3n y con pocos seguidores, a trav\u00e9s de los cuales se busca amplificar la difusi\u00f3n de mensajes distorsionados y ofensivos contra el gobierno federal.<\/p>\n<p style=\"text-align: justify;\">Mencion\u00f3 que hay estudios que demuestran estas actividades, como el realizado por el Oxford Internet Institute, que analiz\u00f3 campa\u00f1as de desinformaci\u00f3n en 70 pa\u00edses e identific\u00f3 dos fen\u00f3menos: la operaci\u00f3n de cuentas automatizadas y la difusi\u00f3n de mensajes coordinados de comunicaci\u00f3n. Tambi\u00e9n, que Facebook es la plataforma m\u00e1s preferida para la manipulaci\u00f3n de opini\u00f3n p\u00fablica en 56 de los 70 pa\u00edses analizados, entre ellos M\u00e9xico, donde es la red social m\u00e1s utilizada.<\/p>\n<p style=\"text-align: justify;\">\u201cEntonces, yo preguntar\u00eda, \u00bfqu\u00e9 tan org\u00e1nico es lo org\u00e1nico en las redes sociales?\u201d, plante\u00f3 Mart\u00ednez Vel\u00e1zquez, al observar que \u201clas operaciones coordinadas y las din\u00e1micas que simulan ciertos movimientos de activismo digital\u201d deterioran el humor social en redes sociales, y generan la percepci\u00f3n de una crisis de reputaci\u00f3n, aunque no exista, ya que hay picos repentinos en los comentarios, generados por \u201ccuentas sin foto, nombres gen\u00e9ricos, sin activaciones previas, interacciones vac\u00edas, o sea, sin respuestas, y sin contenido, que afectan la percepci\u00f3n p\u00fablica y sobre todo la confianza de la gente\u201d.<\/p>\n<p style=\"text-align: justify;\">Al respecto, el titular de la CCOM puntualiz\u00f3 que en la conversaci\u00f3n org\u00e1nica hay comentarios negativos que generan debate sobre la manera en que las autoridades deben satisfacer las demandas de la gente, y que el gobierno no niega esta situaci\u00f3n, ni las quejas leg\u00edtimas que sirven para conocer el sentimiento de la ciudadan\u00eda y proponer respuestas a sus demandas: \u201cHay descontento social, por supuesto; hay cr\u00edticas al gobierno, por supuesto, pero estamos viendo una versi\u00f3n hiper acelerada por este tipo de fen\u00f3menos, ya sea coordinados de manera centralizada o con cuentas falsas\u201d.<\/p>\n<p style=\"text-align: justify;\">Por todo lo anterior, y al considerar el actual contexto de postverdad, desinformaci\u00f3n y auge de la Inteligencia artificial, subray\u00f3 la importancia de que los usuarios digitales est\u00e9n alertas y sean m\u00e1s cr\u00edticos para discernir en redes sociales lo que es o no verdad, y que los medios de comunicaci\u00f3n adviertan con responsabilidad la existencia de estos fen\u00f3menos en sus plataformas, mediante la identificaci\u00f3n y el an\u00e1lisis de cuentas, para hacer frente a las mentiras digitales que afectan el derecho a la informaci\u00f3n.<\/p>\n<p style=\"text-align: justify;\">\u201cEntonces, lo m\u00e1s importante ser\u00e1 aprender a ser usuarios cr\u00edticos de los medios digitales y poder discernir qu\u00e9 es informaci\u00f3n, qu\u00e9 es desinformaci\u00f3n, y que estos fen\u00f3menos existen y no negarlos\u201d, apunt\u00f3.<\/p>\n<p>&nbsp;<\/p>\n<p><img loading=\"lazy\" decoding=\"async\" class=\"alignnone size-full wp-image-28405\" src=\"https:\/\/labestiapolitica.com.mx\/wp-content\/uploads\/2024\/06\/U-NOVA-y-se-diferente.png\" alt=\"\" width=\"1000\" height=\"600\" srcset=\"https:\/\/labestiapolitica.com.mx\/wp-content\/uploads\/2024\/06\/U-NOVA-y-se-diferente.png 1000w, https:\/\/labestiapolitica.com.mx\/wp-content\/uploads\/2024\/06\/U-NOVA-y-se-diferente-300x180.png 300w, https:\/\/labestiapolitica.com.mx\/wp-content\/uploads\/2024\/06\/U-NOVA-y-se-diferente-768x461.png 768w\" sizes=\"auto, (max-width: 1000px) 100vw, 1000px\" \/><\/p>\n","protected":false},"excerpt":{"rendered":"<p>Antonio Mart\u00ednez Vel\u00e1zquez subray\u00f3 la importancia de que los usuarios digitales est\u00e9n alerta y sean m\u00e1s cr\u00edticos para discernir en redes sociales lo que es o no verdad, y que los medios de comunicaci\u00f3n adviertan con responsabilidad la existencia de estos fen\u00f3menos en sus plataformas El coordinador de Comunicaci\u00f3n del Gobierno del Estado, Antonio Mart\u00ednez [&hellip;]<\/p>\n","protected":false},"author":3,"featured_media":51992,"comment_status":"open","ping_status":"open","sticky":false,"template":"","format":"standard","meta":{"footnotes":""},"categories":[7,4],"tags":[],"class_list":["post-51991","post","type-post","status-publish","format-standard","has-post-thumbnail","hentry","category-ciudadanos","category-destacadas"],"amp_enabled":true,"_links":{"self":[{"href":"https:\/\/labestiapolitica.com.mx\/index.php?rest_route=\/wp\/v2\/posts\/51991","targetHints":{"allow":["GET"]}}],"collection":[{"href":"https:\/\/labestiapolitica.com.mx\/index.php?rest_route=\/wp\/v2\/posts"}],"about":[{"href":"https:\/\/labestiapolitica.com.mx\/index.php?rest_route=\/wp\/v2\/types\/post"}],"author":[{"embeddable":true,"href":"https:\/\/labestiapolitica.com.mx\/index.php?rest_route=\/wp\/v2\/users\/3"}],"replies":[{"embeddable":true,"href":"https:\/\/labestiapolitica.com.mx\/index.php?rest_route=%2Fwp%2Fv2%2Fcomments&post=51991"}],"version-history":[{"count":1,"href":"https:\/\/labestiapolitica.com.mx\/index.php?rest_route=\/wp\/v2\/posts\/51991\/revisions"}],"predecessor-version":[{"id":51993,"href":"https:\/\/labestiapolitica.com.mx\/index.php?rest_route=\/wp\/v2\/posts\/51991\/revisions\/51993"}],"wp:featuredmedia":[{"embeddable":true,"href":"https:\/\/labestiapolitica.com.mx\/index.php?rest_route=\/wp\/v2\/media\/51992"}],"wp:attachment":[{"href":"https:\/\/labestiapolitica.com.mx\/index.php?rest_route=%2Fwp%2Fv2%2Fmedia&parent=51991"}],"wp:term":[{"taxonomy":"category","embeddable":true,"href":"https:\/\/labestiapolitica.com.mx\/index.php?rest_route=%2Fwp%2Fv2%2Fcategories&post=51991"},{"taxonomy":"post_tag","embeddable":true,"href":"https:\/\/labestiapolitica.com.mx\/index.php?rest_route=%2Fwp%2Fv2%2Ftags&post=51991"}],"curies":[{"name":"wp","href":"https:\/\/api.w.org\/{rel}","templated":true}]}}