{"id":51994,"date":"2025-10-22T20:33:26","date_gmt":"2025-10-23T02:33:26","guid":{"rendered":"https:\/\/labestiapolitica.com.mx\/?p=51994"},"modified":"2025-10-22T20:38:35","modified_gmt":"2025-10-23T02:38:35","slug":"se-realiza-en-huamantla-la-conferencia-mercado-de-tierras-y-poder-local-en-huamantla-en-el-siglo-xix-como-parte-del-ciclo-conoce-huamantla","status":"publish","type":"post","link":"https:\/\/labestiapolitica.com.mx\/?p=51994","title":{"rendered":"Se realiza en Huamantla la conferencia \u201cMercado de Tierras y Poder Local en Huamantla en el Siglo XIX\u201d como parte del ciclo \u201cConoce Huamantla\u201d."},"content":{"rendered":"<p style=\"text-align: justify;\">Con el prop\u00f3sito de promover la historia, la identidad y la grandeza cultural del municipio, en el marco del 491 aniversario de la fundaci\u00f3n de Huamantla, se llev\u00f3 a cabo la conferencia titulada \u201cMercado de Tierras y Poder Local en Huamantla en el Siglo XIX\u201d, impartida por la Dra. Elizabeth S\u00e1nchez Cornejo, en el Museo Taurino.<\/p>\n<p style=\"text-align: justify;\">Este evento forma parte del ciclo de conferencias \u201cConoce Huamantla\u201d, organizado por la Direcci\u00f3n de Turismo, Cultura y Desarrollo Taurino, a trav\u00e9s de la Coordinaci\u00f3n de Cultura, como un esfuerzo por acercar a la ciudadan\u00eda al conocimiento de los procesos hist\u00f3ricos que han definido el desarrollo social y econ\u00f3mico de la regi\u00f3n.<\/p>\n<p style=\"text-align: justify;\">El Gobierno Municipal que encabeza Salvador Santos Cedillo agradece la participaci\u00f3n de la Dra. S\u00e1nchez Cornejo por compartir su experiencia acad\u00e9mica y por contribuir a la preservaci\u00f3n del patrimonio hist\u00f3rico de la ciudad.<\/p>\n<p style=\"text-align: justify;\">Con acciones como esta, Huamantla contin\u00faa honrando a sus antepasados y reconociendo a quienes, con su trabajo y estudio, fortalecen la grandeza de nuestro municipio.<\/p>\n<p>&nbsp;<\/p>\n<p><img loading=\"lazy\" decoding=\"async\" class=\"alignnone size-full wp-image-28405\" src=\"https:\/\/labestiapolitica.com.mx\/wp-content\/uploads\/2024\/06\/U-NOVA-y-se-diferente.png\" alt=\"\" width=\"1000\" height=\"600\" srcset=\"https:\/\/labestiapolitica.com.mx\/wp-content\/uploads\/2024\/06\/U-NOVA-y-se-diferente.png 1000w, https:\/\/labestiapolitica.com.mx\/wp-content\/uploads\/2024\/06\/U-NOVA-y-se-diferente-300x180.png 300w, https:\/\/labestiapolitica.com.mx\/wp-content\/uploads\/2024\/06\/U-NOVA-y-se-diferente-768x461.png 768w\" sizes=\"auto, (max-width: 1000px) 100vw, 1000px\" \/><\/p>\n<p>&nbsp;<\/p>\n<p>&nbsp;<\/p>\n","protected":false},"excerpt":{"rendered":"<p>Con el prop\u00f3sito de promover la historia, la identidad y la grandeza cultural del municipio, en el marco del 491 aniversario de la fundaci\u00f3n de Huamantla, se llev\u00f3 a cabo la conferencia titulada \u201cMercado de Tierras y Poder Local en Huamantla en el Siglo XIX\u201d, impartida por la Dra. Elizabeth S\u00e1nchez Cornejo, en el Museo [&hellip;]<\/p>\n","protected":false},"author":3,"featured_media":51999,"comment_status":"open","ping_status":"open","sticky":false,"template":"","format":"standard","meta":{"footnotes":""},"categories":[7,220,216],"tags":[],"class_list":["post-51994","post","type-post","status-publish","format-standard","has-post-thumbnail","hentry","category-ciudadanos","category-huamantla","category-municipios"],"amp_enabled":true,"_links":{"self":[{"href":"https:\/\/labestiapolitica.com.mx\/index.php?rest_route=\/wp\/v2\/posts\/51994","targetHints":{"allow":["GET"]}}],"collection":[{"href":"https:\/\/labestiapolitica.com.mx\/index.php?rest_route=\/wp\/v2\/posts"}],"about":[{"href":"https:\/\/labestiapolitica.com.mx\/index.php?rest_route=\/wp\/v2\/types\/post"}],"author":[{"embeddable":true,"href":"https:\/\/labestiapolitica.com.mx\/index.php?rest_route=\/wp\/v2\/users\/3"}],"replies":[{"embeddable":true,"href":"https:\/\/labestiapolitica.com.mx\/index.php?rest_route=%2Fwp%2Fv2%2Fcomments&post=51994"}],"version-history":[{"count":1,"href":"https:\/\/labestiapolitica.com.mx\/index.php?rest_route=\/wp\/v2\/posts\/51994\/revisions"}],"predecessor-version":[{"id":51996,"href":"https:\/\/labestiapolitica.com.mx\/index.php?rest_route=\/wp\/v2\/posts\/51994\/revisions\/51996"}],"wp:featuredmedia":[{"embeddable":true,"href":"https:\/\/labestiapolitica.com.mx\/index.php?rest_route=\/wp\/v2\/media\/51999"}],"wp:attachment":[{"href":"https:\/\/labestiapolitica.com.mx\/index.php?rest_route=%2Fwp%2Fv2%2Fmedia&parent=51994"}],"wp:term":[{"taxonomy":"category","embeddable":true,"href":"https:\/\/labestiapolitica.com.mx\/index.php?rest_route=%2Fwp%2Fv2%2Fcategories&post=51994"},{"taxonomy":"post_tag","embeddable":true,"href":"https:\/\/labestiapolitica.com.mx\/index.php?rest_route=%2Fwp%2Fv2%2Ftags&post=51994"}],"curies":[{"name":"wp","href":"https:\/\/api.w.org\/{rel}","templated":true}]}}