{"id":52092,"date":"2025-10-23T21:43:19","date_gmt":"2025-10-24T03:43:19","guid":{"rendered":"https:\/\/labestiapolitica.com.mx\/?p=52092"},"modified":"2025-10-23T21:43:19","modified_gmt":"2025-10-24T03:43:19","slug":"inauguran-obra-de-drenaje-en-spm-beneficiara-directamente-al-kinder-de-san-nicolas","status":"publish","type":"post","link":"https:\/\/labestiapolitica.com.mx\/?p=52092","title":{"rendered":"Inauguran obra de drenaje en SPM; beneficiar\u00e1 directamente al k\u00ednder de San Nicol\u00e1s."},"content":{"rendered":"<p style=\"text-align: justify;\">El Ayuntamiento de San Pablo del Monte inaugur\u00f3 la obra de rehabilitaci\u00f3n de drenaje sanitario en la comunidad de San Nicol\u00e1s, la cual beneficiar\u00e1 directamente al Jard\u00edn de Ni\u00f1os \u00c1lvaro Obreg\u00f3n, as\u00ed como a vecinos de la calle Indeco y Allende.<\/p>\n<p style=\"text-align: justify;\">En el acto, la presidenta Ana Luc\u00eda Arce Luna, agradeci\u00f3 el apoyo de los vecinos ya que la red de drenaje cruzaba por una casa particular, por lo que su rehabilitaci\u00f3n era necesaria para mejorar la infraestructura social b\u00e1sica.<\/p>\n<p style=\"text-align: justify;\">Dijo que esa obra se llev\u00f3 a cabo a trav\u00e9s de las gestiones de los comit\u00e9s de padres de familia y de la directora del prescolar, prioriz\u00e1ndose tambi\u00e9n con el apoyo del presidente de comunidad, Reyes Monarca Zahuantitla.<\/p>\n<p style=\"text-align: justify;\">De esta forma, acompa\u00f1ada de integrantes del Cabildo y de ni\u00f1as y ni\u00f1os, se realiz\u00f3 el corte de list\u00f3n inaugural, resaltando la importancia de este tipo de acciones pues previene problemas de salud e inundaciones.<\/p>\n<p>&nbsp;<\/p>\n<p><img loading=\"lazy\" decoding=\"async\" class=\"alignnone wp-image-28405 size-full\" src=\"https:\/\/labestiapolitica.com.mx\/wp-content\/uploads\/2024\/06\/U-NOVA-y-se-diferente.png\" alt=\"\" width=\"1000\" height=\"600\" srcset=\"https:\/\/labestiapolitica.com.mx\/wp-content\/uploads\/2024\/06\/U-NOVA-y-se-diferente.png 1000w, https:\/\/labestiapolitica.com.mx\/wp-content\/uploads\/2024\/06\/U-NOVA-y-se-diferente-300x180.png 300w, https:\/\/labestiapolitica.com.mx\/wp-content\/uploads\/2024\/06\/U-NOVA-y-se-diferente-768x461.png 768w\" sizes=\"auto, (max-width: 1000px) 100vw, 1000px\" \/><\/p>\n","protected":false},"excerpt":{"rendered":"<p>El Ayuntamiento de San Pablo del Monte inaugur\u00f3 la obra de rehabilitaci\u00f3n de drenaje sanitario en la comunidad de San Nicol\u00e1s, la cual beneficiar\u00e1 directamente al Jard\u00edn de Ni\u00f1os \u00c1lvaro Obreg\u00f3n, as\u00ed como a vecinos de la calle Indeco y Allende. En el acto, la presidenta Ana Luc\u00eda Arce Luna, agradeci\u00f3 el apoyo de los [&hellip;]<\/p>\n","protected":false},"author":5,"featured_media":52093,"comment_status":"open","ping_status":"open","sticky":false,"template":"","format":"standard","meta":{"footnotes":""},"categories":[7,216,223],"tags":[],"class_list":["post-52092","post","type-post","status-publish","format-standard","has-post-thumbnail","hentry","category-ciudadanos","category-municipios","category-san-pablo-del-monte"],"amp_enabled":true,"_links":{"self":[{"href":"https:\/\/labestiapolitica.com.mx\/index.php?rest_route=\/wp\/v2\/posts\/52092","targetHints":{"allow":["GET"]}}],"collection":[{"href":"https:\/\/labestiapolitica.com.mx\/index.php?rest_route=\/wp\/v2\/posts"}],"about":[{"href":"https:\/\/labestiapolitica.com.mx\/index.php?rest_route=\/wp\/v2\/types\/post"}],"author":[{"embeddable":true,"href":"https:\/\/labestiapolitica.com.mx\/index.php?rest_route=\/wp\/v2\/users\/5"}],"replies":[{"embeddable":true,"href":"https:\/\/labestiapolitica.com.mx\/index.php?rest_route=%2Fwp%2Fv2%2Fcomments&post=52092"}],"version-history":[{"count":1,"href":"https:\/\/labestiapolitica.com.mx\/index.php?rest_route=\/wp\/v2\/posts\/52092\/revisions"}],"predecessor-version":[{"id":52094,"href":"https:\/\/labestiapolitica.com.mx\/index.php?rest_route=\/wp\/v2\/posts\/52092\/revisions\/52094"}],"wp:featuredmedia":[{"embeddable":true,"href":"https:\/\/labestiapolitica.com.mx\/index.php?rest_route=\/wp\/v2\/media\/52093"}],"wp:attachment":[{"href":"https:\/\/labestiapolitica.com.mx\/index.php?rest_route=%2Fwp%2Fv2%2Fmedia&parent=52092"}],"wp:term":[{"taxonomy":"category","embeddable":true,"href":"https:\/\/labestiapolitica.com.mx\/index.php?rest_route=%2Fwp%2Fv2%2Fcategories&post=52092"},{"taxonomy":"post_tag","embeddable":true,"href":"https:\/\/labestiapolitica.com.mx\/index.php?rest_route=%2Fwp%2Fv2%2Ftags&post=52092"}],"curies":[{"name":"wp","href":"https:\/\/api.w.org\/{rel}","templated":true}]}}