{"id":52101,"date":"2025-10-23T21:53:28","date_gmt":"2025-10-24T03:53:28","guid":{"rendered":"https:\/\/labestiapolitica.com.mx\/?p=52101"},"modified":"2025-10-23T21:53:28","modified_gmt":"2025-10-24T03:53:28","slug":"proteccion-civil-de-apizaco-refuerza-acciones-preventivas-por-la-temporada-de-dia-de-muertos","status":"publish","type":"post","link":"https:\/\/labestiapolitica.com.mx\/?p=52101","title":{"rendered":"Protecci\u00f3n Civil de Apizaco refuerza acciones preventivas por la temporada de D\u00eda de Muertos."},"content":{"rendered":"<p style=\"text-align: justify;\">\u2022 El Ayuntamiento verificar\u00e1 establecimientos y salones sociales para garantizar la seguridad y el cumplimiento de la ley.<\/p>\n<p style=\"text-align: justify;\">Con motivo de la temporada de D\u00eda de Muertos, la Direcci\u00f3n de Protecci\u00f3n Civil del Ayuntamiento de Apizaco emiti\u00f3 una serie de recomendaciones a la ciudadan\u00eda y anunci\u00f3 la implementaci\u00f3n de operativos de supervisi\u00f3n en diferentes establecimientos del municipio, con el objetivo de prevenir incidentes y mantener un ambiente de paz y seguridad.<\/p>\n<p style=\"text-align: justify;\">El personal de Protecci\u00f3n Civil, en coordinaci\u00f3n con otras \u00e1reas del Ayuntamiento, verificar\u00e1 que los lugares de esparcimiento no permitan el ingreso de menores de edad y que cumplan con las medidas preventivas en materia de seguridad, aforo, salidas de emergencia y uso responsable de pirotecnia.<\/p>\n<p style=\"text-align: justify;\">De igual forma, se realizar\u00e1n inspecciones en salones sociales para garantizar que, durante los eventos programados con tem\u00e1tica de D\u00eda de Muertos, no se permita la venta ni el consumo de bebidas embriagantes por parte de menores de edad, adem\u00e1s de corroborar que las instalaciones cuenten con las condiciones necesarias para la protecci\u00f3n de los asistentes.<\/p>\n<p style=\"text-align: justify;\">La Direcci\u00f3n de Protecci\u00f3n Civil hace un llamado a la poblaci\u00f3n para disfrutar estas fechas en un ambiente de respeto, tranquilidad y sana convivencia, atendiendo las recomendaciones de las autoridades municipales y respetando las normas establecidas.<\/p>\n<p style=\"text-align: justify;\">El Ayuntamiento de Apizaco, que preside Javier Rivera Bonilla, refrenda su compromiso con la seguridad de las familias apizaquenses e invita a todos a celebrar con responsabilidad, preservando nuestras tradiciones y cuidando la vida y el bienestar de todas y todos.<\/p>\n<p>&nbsp;<\/p>\n<p><img loading=\"lazy\" decoding=\"async\" class=\"alignnone wp-image-28405 size-full\" src=\"https:\/\/labestiapolitica.com.mx\/wp-content\/uploads\/2024\/06\/U-NOVA-y-se-diferente.png\" alt=\"\" width=\"1000\" height=\"600\" srcset=\"https:\/\/labestiapolitica.com.mx\/wp-content\/uploads\/2024\/06\/U-NOVA-y-se-diferente.png 1000w, https:\/\/labestiapolitica.com.mx\/wp-content\/uploads\/2024\/06\/U-NOVA-y-se-diferente-300x180.png 300w, https:\/\/labestiapolitica.com.mx\/wp-content\/uploads\/2024\/06\/U-NOVA-y-se-diferente-768x461.png 768w\" sizes=\"auto, (max-width: 1000px) 100vw, 1000px\" \/><\/p>\n","protected":false},"excerpt":{"rendered":"<p>\u2022 El Ayuntamiento verificar\u00e1 establecimientos y salones sociales para garantizar la seguridad y el cumplimiento de la ley. Con motivo de la temporada de D\u00eda de Muertos, la Direcci\u00f3n de Protecci\u00f3n Civil del Ayuntamiento de Apizaco emiti\u00f3 una serie de recomendaciones a la ciudadan\u00eda y anunci\u00f3 la implementaci\u00f3n de operativos de supervisi\u00f3n en diferentes establecimientos [&hellip;]<\/p>\n","protected":false},"author":5,"featured_media":52102,"comment_status":"open","ping_status":"open","sticky":false,"template":"","format":"standard","meta":{"footnotes":""},"categories":[226,7,216],"tags":[],"class_list":["post-52101","post","type-post","status-publish","format-standard","has-post-thumbnail","hentry","category-apizaco","category-ciudadanos","category-municipios"],"amp_enabled":true,"_links":{"self":[{"href":"https:\/\/labestiapolitica.com.mx\/index.php?rest_route=\/wp\/v2\/posts\/52101","targetHints":{"allow":["GET"]}}],"collection":[{"href":"https:\/\/labestiapolitica.com.mx\/index.php?rest_route=\/wp\/v2\/posts"}],"about":[{"href":"https:\/\/labestiapolitica.com.mx\/index.php?rest_route=\/wp\/v2\/types\/post"}],"author":[{"embeddable":true,"href":"https:\/\/labestiapolitica.com.mx\/index.php?rest_route=\/wp\/v2\/users\/5"}],"replies":[{"embeddable":true,"href":"https:\/\/labestiapolitica.com.mx\/index.php?rest_route=%2Fwp%2Fv2%2Fcomments&post=52101"}],"version-history":[{"count":1,"href":"https:\/\/labestiapolitica.com.mx\/index.php?rest_route=\/wp\/v2\/posts\/52101\/revisions"}],"predecessor-version":[{"id":52103,"href":"https:\/\/labestiapolitica.com.mx\/index.php?rest_route=\/wp\/v2\/posts\/52101\/revisions\/52103"}],"wp:featuredmedia":[{"embeddable":true,"href":"https:\/\/labestiapolitica.com.mx\/index.php?rest_route=\/wp\/v2\/media\/52102"}],"wp:attachment":[{"href":"https:\/\/labestiapolitica.com.mx\/index.php?rest_route=%2Fwp%2Fv2%2Fmedia&parent=52101"}],"wp:term":[{"taxonomy":"category","embeddable":true,"href":"https:\/\/labestiapolitica.com.mx\/index.php?rest_route=%2Fwp%2Fv2%2Fcategories&post=52101"},{"taxonomy":"post_tag","embeddable":true,"href":"https:\/\/labestiapolitica.com.mx\/index.php?rest_route=%2Fwp%2Fv2%2Ftags&post=52101"}],"curies":[{"name":"wp","href":"https:\/\/api.w.org\/{rel}","templated":true}]}}