{"id":52107,"date":"2025-10-23T22:01:27","date_gmt":"2025-10-24T04:01:27","guid":{"rendered":"https:\/\/labestiapolitica.com.mx\/?p=52107"},"modified":"2025-10-23T22:01:27","modified_gmt":"2025-10-24T04:01:27","slug":"gobierno-municipal-de-la-capital-promueve-la-diversidad-artistica-a-traves-de-tlaxcala-mosaico-de-identidades","status":"publish","type":"post","link":"https:\/\/labestiapolitica.com.mx\/?p=52107","title":{"rendered":"Gobierno Municipal de la Capital promueve la diversidad art\u00edstica a trav\u00e9s de \u201cTlaxcala: Mosaico de Identidades\u201d."},"content":{"rendered":"<p style=\"text-align: justify;\">Comprometido con la promoci\u00f3n y difusi\u00f3n del arte, el Gobierno Municipal de Tlaxcala que encabeza Alfonso S\u00e1nchez Garc\u00eda, a trav\u00e9s de la Direcci\u00f3n de Cultura, impulsa una nueva expresi\u00f3n del talento joven con la exposici\u00f3n \u201cTlaxcala: Mosaico de Identidades\u201d, una muestra que celebra la riqueza cultural y la pluralidad art\u00edstica de nuestro estado.<\/p>\n<p style=\"text-align: justify;\">La inauguraci\u00f3n se llevar\u00e1 a cabo este viernes 24 de octubre de 2025, a las 13:30 horas, en el sal\u00f3n No. 6 de la Casa de Cultura \u201cJos\u00e9 Miguel Guridi y Alcocer\u201d, un espacio que abrir\u00e1 sus puertas para recibir esta colecci\u00f3n de obras creadas por estudiantes del noveno semestre de la Licenciatura en Artes Visuales de la Facultad de Dise\u00f1o, Arte y Arquitectura de la UATx.<\/p>\n<p style=\"text-align: justify;\">\u201cTlaxcala: Mosaico de Identidades\u201d reunir\u00e1 el trabajo de cuatro artistas locales cuyas propuestas abordan la identidad tlaxcalteca contempor\u00e1nea desde distintas t\u00e9cnicas y enfoques creativos.<\/p>\n<p style=\"text-align: justify;\">A trav\u00e9s de la fotograf\u00eda, el grabado, la cartoner\u00eda y el dibujo, las y los creadores exploran temas como el paisaje, la flora y la fauna, as\u00ed como otros temas que conforman el imaginario cultural del estado.<\/p>\n<p style=\"text-align: justify;\">Esta exposici\u00f3n busca visibilizar la diversidad de voces, experiencias y perspectivas que integran el mosaico social tlaxcalteca.<\/p>\n<p style=\"text-align: justify;\">A trav\u00e9s de esta muestra, los j\u00f3venes artistas ofrecer\u00e1n una mirada sensible y contempor\u00e1nea sobre la pluralidad cultural de Tlaxcala, invitando al p\u00fablico a reconocer en ella un espacio de encuentro entre la memoria, la identidad y la creaci\u00f3n.<\/p>\n<p style=\"text-align: justify;\">Con acciones como esta, el Ayuntamiento de Tlaxcala fortalece el impulso a las expresiones creativas de las juventudes, consolidando espacios de participaci\u00f3n, aprendizaje y difusi\u00f3n del arte local.<\/p>\n<p>&nbsp;<\/p>\n<p><img loading=\"lazy\" decoding=\"async\" class=\"alignnone wp-image-28405 size-full\" src=\"https:\/\/labestiapolitica.com.mx\/wp-content\/uploads\/2024\/06\/U-NOVA-y-se-diferente.png\" alt=\"\" width=\"1000\" height=\"600\" srcset=\"https:\/\/labestiapolitica.com.mx\/wp-content\/uploads\/2024\/06\/U-NOVA-y-se-diferente.png 1000w, https:\/\/labestiapolitica.com.mx\/wp-content\/uploads\/2024\/06\/U-NOVA-y-se-diferente-300x180.png 300w, https:\/\/labestiapolitica.com.mx\/wp-content\/uploads\/2024\/06\/U-NOVA-y-se-diferente-768x461.png 768w\" sizes=\"auto, (max-width: 1000px) 100vw, 1000px\" \/><\/p>\n","protected":false},"excerpt":{"rendered":"<p>Comprometido con la promoci\u00f3n y difusi\u00f3n del arte, el Gobierno Municipal de Tlaxcala que encabeza Alfonso S\u00e1nchez Garc\u00eda, a trav\u00e9s de la Direcci\u00f3n de Cultura, impulsa una nueva expresi\u00f3n del talento joven con la exposici\u00f3n \u201cTlaxcala: Mosaico de Identidades\u201d, una muestra que celebra la riqueza cultural y la pluralidad art\u00edstica de nuestro estado. La inauguraci\u00f3n [&hellip;]<\/p>\n","protected":false},"author":5,"featured_media":52108,"comment_status":"open","ping_status":"open","sticky":false,"template":"","format":"standard","meta":{"footnotes":""},"categories":[7,216,214],"tags":[],"class_list":["post-52107","post","type-post","status-publish","format-standard","has-post-thumbnail","hentry","category-ciudadanos","category-municipios","category-tlaxcala-capital"],"amp_enabled":true,"_links":{"self":[{"href":"https:\/\/labestiapolitica.com.mx\/index.php?rest_route=\/wp\/v2\/posts\/52107","targetHints":{"allow":["GET"]}}],"collection":[{"href":"https:\/\/labestiapolitica.com.mx\/index.php?rest_route=\/wp\/v2\/posts"}],"about":[{"href":"https:\/\/labestiapolitica.com.mx\/index.php?rest_route=\/wp\/v2\/types\/post"}],"author":[{"embeddable":true,"href":"https:\/\/labestiapolitica.com.mx\/index.php?rest_route=\/wp\/v2\/users\/5"}],"replies":[{"embeddable":true,"href":"https:\/\/labestiapolitica.com.mx\/index.php?rest_route=%2Fwp%2Fv2%2Fcomments&post=52107"}],"version-history":[{"count":1,"href":"https:\/\/labestiapolitica.com.mx\/index.php?rest_route=\/wp\/v2\/posts\/52107\/revisions"}],"predecessor-version":[{"id":52109,"href":"https:\/\/labestiapolitica.com.mx\/index.php?rest_route=\/wp\/v2\/posts\/52107\/revisions\/52109"}],"wp:featuredmedia":[{"embeddable":true,"href":"https:\/\/labestiapolitica.com.mx\/index.php?rest_route=\/wp\/v2\/media\/52108"}],"wp:attachment":[{"href":"https:\/\/labestiapolitica.com.mx\/index.php?rest_route=%2Fwp%2Fv2%2Fmedia&parent=52107"}],"wp:term":[{"taxonomy":"category","embeddable":true,"href":"https:\/\/labestiapolitica.com.mx\/index.php?rest_route=%2Fwp%2Fv2%2Fcategories&post=52107"},{"taxonomy":"post_tag","embeddable":true,"href":"https:\/\/labestiapolitica.com.mx\/index.php?rest_route=%2Fwp%2Fv2%2Ftags&post=52107"}],"curies":[{"name":"wp","href":"https:\/\/api.w.org\/{rel}","templated":true}]}}