{"id":52114,"date":"2025-10-23T22:12:10","date_gmt":"2025-10-24T04:12:10","guid":{"rendered":"https:\/\/labestiapolitica.com.mx\/?p=52114"},"modified":"2025-10-23T22:12:10","modified_gmt":"2025-10-24T04:12:10","slug":"en-reaccion-oportuna-y-en-coordinacion-con-el-c2-policia-de-la-capital-recupera-motocicleta-robada","status":"publish","type":"post","link":"https:\/\/labestiapolitica.com.mx\/?p=52114","title":{"rendered":"En reacci\u00f3n oportuna y en coordinaci\u00f3n con el C2, Polic\u00eda de la Capital recupera motocicleta robada."},"content":{"rendered":"<p style=\"text-align: justify;\">Elementos de la Direcci\u00f3n de Seguridad, Protecci\u00f3n Ciudadana y Movilidad del municipio de Tlaxcala recuperaron una motocicleta y detuvieron a un presunto responsable del atraco, gracias a la coordinaci\u00f3n oportuna entre el personal en campo y el monitoreo del Centro de Control y Comando (C2) municipal.<\/p>\n<p style=\"text-align: justify;\">La tarde del mi\u00e9rcoles, un ciudadano report\u00f3 al sistema de emergencias el robo de su motocicleta Italika FT150 color negro con amarillo, que hab\u00eda dejado estacionada en la calle Diego Mu\u00f1oz Camargo, colonia Centro. De inmediato, los efectivos policiales iniciaron el rastreo a trav\u00e9s del C2 y mediante las c\u00e1maras de videovigilancia se ubic\u00f3 al veh\u00edculo sobre la explanada del mercado y posteriormente cerca de la ex astabandera.<\/p>\n<p style=\"text-align: justify;\">En una r\u00e1pida intervenci\u00f3n, los oficiales lograron interceptar al presunto responsable, identificado como Luis \u201cN\u201d, de 21 a\u00f1os de edad y originario de Toluca, Estado de M\u00e9xico, quien al notar la presencia policiaca intent\u00f3 escapar, pero fue asegurado. Durante la revisi\u00f3n, el sujeto admiti\u00f3 haber participado en el robo junto con otro individuo con quien arrib\u00f3 a la entidad y comparte un cuarto en un motel de Totolac.<\/p>\n<p style=\"text-align: justify;\">Por lo anterior, el hombre fue puesto a disposici\u00f3n de las autoridades correspondientes, quienes definir\u00e1n su situaci\u00f3n legal; mientras tanto, la motocicleta fue identificada por su propietario y puesta bajo resguardo.<\/p>\n<p style=\"text-align: justify;\">Las autoridades municipales exhortaron a la ciudadan\u00eda a que, en caso de reconocer a esta persona o haber sido v\u00edctima de un hecho similar, presenten la denuncia formal correspondiente, con el prop\u00f3sito de que se contin\u00fae con el proceso legal y se garantice la aplicaci\u00f3n de la ley.<\/p>\n<p>&nbsp;<\/p>\n<p><img loading=\"lazy\" decoding=\"async\" class=\"alignnone wp-image-28405 size-full\" src=\"https:\/\/labestiapolitica.com.mx\/wp-content\/uploads\/2024\/06\/U-NOVA-y-se-diferente.png\" alt=\"\" width=\"1000\" height=\"600\" srcset=\"https:\/\/labestiapolitica.com.mx\/wp-content\/uploads\/2024\/06\/U-NOVA-y-se-diferente.png 1000w, https:\/\/labestiapolitica.com.mx\/wp-content\/uploads\/2024\/06\/U-NOVA-y-se-diferente-300x180.png 300w, https:\/\/labestiapolitica.com.mx\/wp-content\/uploads\/2024\/06\/U-NOVA-y-se-diferente-768x461.png 768w\" sizes=\"auto, (max-width: 1000px) 100vw, 1000px\" \/><\/p>\n","protected":false},"excerpt":{"rendered":"<p>Elementos de la Direcci\u00f3n de Seguridad, Protecci\u00f3n Ciudadana y Movilidad del municipio de Tlaxcala recuperaron una motocicleta y detuvieron a un presunto responsable del atraco, gracias a la coordinaci\u00f3n oportuna entre el personal en campo y el monitoreo del Centro de Control y Comando (C2) municipal. La tarde del mi\u00e9rcoles, un ciudadano report\u00f3 al sistema [&hellip;]<\/p>\n","protected":false},"author":5,"featured_media":52115,"comment_status":"open","ping_status":"open","sticky":false,"template":"","format":"standard","meta":{"footnotes":""},"categories":[12,216,214],"tags":[],"class_list":["post-52114","post","type-post","status-publish","format-standard","has-post-thumbnail","hentry","category-brujula-2026","category-municipios","category-tlaxcala-capital"],"amp_enabled":true,"_links":{"self":[{"href":"https:\/\/labestiapolitica.com.mx\/index.php?rest_route=\/wp\/v2\/posts\/52114","targetHints":{"allow":["GET"]}}],"collection":[{"href":"https:\/\/labestiapolitica.com.mx\/index.php?rest_route=\/wp\/v2\/posts"}],"about":[{"href":"https:\/\/labestiapolitica.com.mx\/index.php?rest_route=\/wp\/v2\/types\/post"}],"author":[{"embeddable":true,"href":"https:\/\/labestiapolitica.com.mx\/index.php?rest_route=\/wp\/v2\/users\/5"}],"replies":[{"embeddable":true,"href":"https:\/\/labestiapolitica.com.mx\/index.php?rest_route=%2Fwp%2Fv2%2Fcomments&post=52114"}],"version-history":[{"count":1,"href":"https:\/\/labestiapolitica.com.mx\/index.php?rest_route=\/wp\/v2\/posts\/52114\/revisions"}],"predecessor-version":[{"id":52116,"href":"https:\/\/labestiapolitica.com.mx\/index.php?rest_route=\/wp\/v2\/posts\/52114\/revisions\/52116"}],"wp:featuredmedia":[{"embeddable":true,"href":"https:\/\/labestiapolitica.com.mx\/index.php?rest_route=\/wp\/v2\/media\/52115"}],"wp:attachment":[{"href":"https:\/\/labestiapolitica.com.mx\/index.php?rest_route=%2Fwp%2Fv2%2Fmedia&parent=52114"}],"wp:term":[{"taxonomy":"category","embeddable":true,"href":"https:\/\/labestiapolitica.com.mx\/index.php?rest_route=%2Fwp%2Fv2%2Fcategories&post=52114"},{"taxonomy":"post_tag","embeddable":true,"href":"https:\/\/labestiapolitica.com.mx\/index.php?rest_route=%2Fwp%2Fv2%2Ftags&post=52114"}],"curies":[{"name":"wp","href":"https:\/\/api.w.org\/{rel}","templated":true}]}}