{"id":52120,"date":"2025-10-23T22:19:16","date_gmt":"2025-10-24T04:19:16","guid":{"rendered":"https:\/\/labestiapolitica.com.mx\/?p=52120"},"modified":"2025-10-23T22:19:16","modified_gmt":"2025-10-24T04:19:16","slug":"entrego-la-cedht-el-distintivo-escuela-comprometida-con-los-derechos-humanos-a-la-secundaria-tecnica-no-53-matlalcueyetl-de-apizaco","status":"publish","type":"post","link":"https:\/\/labestiapolitica.com.mx\/?p=52120","title":{"rendered":"Entreg\u00f3 la CEDHT el Distintivo Escuela Comprometida con los Derechos Humanos a la secundaria t\u00e9cnica No. 53 \u201cMatlalcu\u00e9yetl\u201d de Apizaco."},"content":{"rendered":"<ul>\n<li style=\"text-align: justify;\"><strong>\u00a0<\/strong><em>Es la primera instituci\u00f3n p\u00fablica en recibir este reconocimiento por contribuir con la construcci\u00f3n de una sociedad m\u00e1s justa, igualitaria y pac\u00edfica<\/em><\/li>\n<\/ul>\n<p style=\"text-align: justify;\">En el marco de sus acciones de difusi\u00f3n y promoci\u00f3n del respeto a los derechos humanos en espacios educativos, la Comisi\u00f3n Estatal de Derechos Humanos de Tlaxcala (CEDHT) entreg\u00f3 el Distintivo Escuela Comprometida con los Derechos Humanos a la escuela Secundaria T\u00e9cnica #53 \u201cMatlalcu\u00e9yetl\u201d, primera instituci\u00f3n educativa de car\u00e1cter p\u00fablica en obtener este reconocimiento, la cual est\u00e1 ubicada en la colonia Loma Florida del municipio de Apizaco.<\/p>\n<p style=\"text-align: justify;\">En el acto protocolario, la presidenta de la CEDHT, Jakqueline Ordo\u00f1ez Brasdefer destac\u00f3 el compromiso de la instituci\u00f3n al demostrar que el trabajo conjunto entre docentes, estudiantes y familias puede convertir los principios de los derechos humanos en pr\u00e1cticas cotidianas dentro del aula y fuera de ella.<\/p>\n<p style=\"text-align: justify;\">\u201cLas madres y padres de familia han acompa\u00f1ado este proceso con compromiso, mientras que las y los docentes han integrado la educaci\u00f3n en derechos humanos en su pr\u00e1ctica diaria; y las y los estudiantes, con su entusiasmo, nos demuestran que aprender tambi\u00e9n significa convivir con respeto, solidaridad y empat\u00eda\u201d, se\u00f1al\u00f3.<\/p>\n<p style=\"text-align: justify;\">En su oportunidad, el director de la escuela, Ascensi\u00f3n Maldonado Calva agradeci\u00f3 a la CEDHT la entrega del distintivo, refiri\u00f3 que la instituci\u00f3n fue estigmatizada por el contexto de vulnerabilidad en el que se ha desarrollado, \u201cpero la comunidad educativa conocedora de la problem\u00e1tica del contexto social y cultural hemos sumado esfuerzos para que en colaboraci\u00f3n demos soluciones que mejoren las condiciones de la instituci\u00f3n\u201d.<\/p>\n<p style=\"text-align: justify;\">Este escenario, se\u00f1al\u00f3 \u201cse convierte en el motivo de este reconocimiento, la CEDHT dio un seguimiento y acompa\u00f1amiento y ha resuelto que la escuela da este reconocimiento que es un recuerdo de nuestros compromisos con las y los estudiantes y por el cumplimiento de sus funciones como personas servidoras p\u00fablicas, para avanzar y formar espacios de aprendizaje con pensamientos cr\u00edticos y libres de violencia, con privilegio de la cultura de paz y convertirse en entornos escolares para el bienestar\u201d.<\/p>\n<p style=\"text-align: justify;\">La CEDHT puso en marcha el Distintivo Escuela Comprometida con los Derechos Humanos con el objetivo de reconocer a las instituciones educativas que integran, de manera efectiva, los principios de derechos humanos en su cultura organizacional, pr\u00e1cticas educativas y administrativas.<\/p>\n<p style=\"text-align: justify;\">El distintivo est\u00e1 integrado por 4 ejes que son evaluados por el organismo aut\u00f3nomo, los cuales son: Pol\u00edticas Institucionales y Cultura Organizacional; Pr\u00e1cticas Educativas; Entorno Escolar Inclusivo y Seguro; Participaci\u00f3n y Empoderamiento de la Comunidad Educativa y su Entorno Social.<\/p>\n<p style=\"text-align: justify;\">Las instituciones educativas interesadas en obtener este Distintivo, deben seguir un proceso que inicia con la solicitud del registro, despu\u00e9s una autoevaluaci\u00f3n diagn\u00f3stica, se hace una visita in situ y finalmente se emite el dictamen.<\/p>\n<p style=\"text-align: justify;\">El Distintivo est\u00e1 dirigido a instituciones educativas de todos los niveles educativos: b\u00e1sico, medio superior y superior, tanto del sector p\u00fablico como privado.<\/p>\n<p style=\"text-align: justify;\">En la entrega de este reconocimiento estuvieron presentes los integrantes del consejo consultivo Leticia Valera Gonz\u00e1lez, Agust\u00edn Flores Pe\u00f1a, Fernando George Zecua y Jes\u00fas Rivera Pantoja, as\u00ed como autoridades escolares, de la Secretar\u00eda de Educaci\u00f3n P\u00fablica del Estado, autoridades municipales, as\u00ed como madres y padres de familia.<\/p>\n","protected":false},"excerpt":{"rendered":"<p>\u00a0Es la primera instituci\u00f3n p\u00fablica en recibir este reconocimiento por contribuir con la construcci\u00f3n de una sociedad m\u00e1s justa, igualitaria y pac\u00edfica En el marco de sus acciones de difusi\u00f3n y promoci\u00f3n del respeto a los derechos humanos en espacios educativos, la Comisi\u00f3n Estatal de Derechos Humanos de Tlaxcala (CEDHT) entreg\u00f3 el Distintivo Escuela Comprometida [&hellip;]<\/p>\n","protected":false},"author":5,"featured_media":52121,"comment_status":"open","ping_status":"open","sticky":false,"template":"","format":"standard","meta":{"footnotes":""},"categories":[7,232],"tags":[],"class_list":["post-52120","post","type-post","status-publish","format-standard","has-post-thumbnail","hentry","category-ciudadanos","category-derechos-humanos-tlaxcala"],"amp_enabled":true,"_links":{"self":[{"href":"https:\/\/labestiapolitica.com.mx\/index.php?rest_route=\/wp\/v2\/posts\/52120","targetHints":{"allow":["GET"]}}],"collection":[{"href":"https:\/\/labestiapolitica.com.mx\/index.php?rest_route=\/wp\/v2\/posts"}],"about":[{"href":"https:\/\/labestiapolitica.com.mx\/index.php?rest_route=\/wp\/v2\/types\/post"}],"author":[{"embeddable":true,"href":"https:\/\/labestiapolitica.com.mx\/index.php?rest_route=\/wp\/v2\/users\/5"}],"replies":[{"embeddable":true,"href":"https:\/\/labestiapolitica.com.mx\/index.php?rest_route=%2Fwp%2Fv2%2Fcomments&post=52120"}],"version-history":[{"count":1,"href":"https:\/\/labestiapolitica.com.mx\/index.php?rest_route=\/wp\/v2\/posts\/52120\/revisions"}],"predecessor-version":[{"id":52122,"href":"https:\/\/labestiapolitica.com.mx\/index.php?rest_route=\/wp\/v2\/posts\/52120\/revisions\/52122"}],"wp:featuredmedia":[{"embeddable":true,"href":"https:\/\/labestiapolitica.com.mx\/index.php?rest_route=\/wp\/v2\/media\/52121"}],"wp:attachment":[{"href":"https:\/\/labestiapolitica.com.mx\/index.php?rest_route=%2Fwp%2Fv2%2Fmedia&parent=52120"}],"wp:term":[{"taxonomy":"category","embeddable":true,"href":"https:\/\/labestiapolitica.com.mx\/index.php?rest_route=%2Fwp%2Fv2%2Fcategories&post=52120"},{"taxonomy":"post_tag","embeddable":true,"href":"https:\/\/labestiapolitica.com.mx\/index.php?rest_route=%2Fwp%2Fv2%2Ftags&post=52120"}],"curies":[{"name":"wp","href":"https:\/\/api.w.org\/{rel}","templated":true}]}}