{"id":52123,"date":"2025-10-23T22:26:22","date_gmt":"2025-10-24T04:26:22","guid":{"rendered":"https:\/\/labestiapolitica.com.mx\/?p=52123"},"modified":"2025-10-23T22:26:22","modified_gmt":"2025-10-24T04:26:22","slug":"elaboraron-la-cedht-y-nunca-dejes-de-brillar-a-c-el-decalogo-para-el-buen-trato-de-la-poblacion-lgbt","status":"publish","type":"post","link":"https:\/\/labestiapolitica.com.mx\/?p=52123","title":{"rendered":"Elaboraron la CEDHT y \u201cNunca dejes de brillar A.C.\u201d el Dec\u00e1logo para el Buen trato de la poblaci\u00f3n LGBT+."},"content":{"rendered":"<ul>\n<li style=\"text-align: justify;\"><em>El documento fue presentado en las instalaciones del organismo aut\u00f3nomo<\/em><\/li>\n<\/ul>\n<p style=\"text-align: justify;\">Con la convicci\u00f3n de reafirmar el derecho de todas las personas a vivir con dignidad, ser reconocidas, respetadas y valoradas por quienes son, la Comisi\u00f3n Estatal de Derechos Humanos de Tlaxcala (CEDHT) y la asociaci\u00f3n civil \u201cNunca dejes de brillar\u201d, presentaron el \u201cDec\u00e1logo para el Buen trato de la poblaci\u00f3n LGBT+\u201d.<\/p>\n<p style=\"text-align: justify;\">En la presentaci\u00f3n, la presidenta de la CEDHT, Jakqueline Ordo\u00f1ez Brasdefer, se\u00f1al\u00f3 que el Dec\u00e1logo es una herramienta que busca orientar las acciones cotidianas de todas las personas, desde la perspectiva de orientaci\u00f3n sexual, identidad y expresi\u00f3n de g\u00e9nero, promoviendo entornos donde el respeto, la empat\u00eda y la inclusi\u00f3n sean la regla y no la excepci\u00f3n.<\/p>\n<p style=\"text-align: justify;\">Reconoci\u00f3 que la perspectiva diversa, por mucho tiempo, ha quedado invisibilizada, por lo que desde la Comisi\u00f3n se ha dado acompa\u00f1amiento al reconocimiento de derechos, por ejemplo, dijo, desde hace diez a\u00f1os, este organismo impuls\u00f3 acciones para que se concretara el primer matrimonio igualitario en Tlaxcala y reconocimiento de identidad\u201d, entre otras actividades a las que se le ha dado seguimiento constante.<\/p>\n<p style=\"text-align: justify;\">Refiri\u00f3 que con el Dec\u00e1logo la CEDHT reafirma \u201cque el buen trato no se decreta, sino que se practica, se construye en el lenguaje, en las decisiones y en la forma en que miramos a las personas, nos conduce a erradicar prejuicios, transformar miradas y a reconocer la diversidad como un valor que fortalece a las instituciones\u201d.<\/p>\n<p style=\"text-align: justify;\">Por su parte, Dayana Ram\u00edrez Lara, representante de Nunca Dejes de Brillar, refiri\u00f3 que el prop\u00f3sito del dec\u00e1logo es reconocer, visibilizar y dignificar la existencia de las personas de la diversidad sexual \u201ces un esfuerzo colectivo que busca abrir caminos hacia el respeto, la justicia y la igualdad, no es solo un documento, sino una declaraci\u00f3n de principios, un compromiso con la vida y la dignidad, es el reflejo de una sociedad que avanza, escucha y reconoce que todas las personas merecemos respeto, sin violencia y sin discriminaci\u00f3n\u201d.<\/p>\n<p style=\"text-align: justify;\">Indic\u00f3 que con el dec\u00e1logo se investigar\u00e1 y buscan visibilizar cu\u00e1nta poblaci\u00f3n LGBT+ existe en Tlaxcala, as\u00ed reconocer las interseccionalidades en esta poblaci\u00f3n, para entender la complejidad de las realidades humanas \u201cal hacerlo, podemos identificar las violencias, la discriminaci\u00f3n y los cr\u00edmenes de odio que a\u00fan hieren nuestra convivencia\u201d.<\/p>\n<p style=\"text-align: justify;\">Destac\u00f3 que personas de la poblaci\u00f3n diversa consideran a la Comisi\u00f3n como una aliada para avanzar en el respeto a los derechos humanos de la poblaci\u00f3n LGBT+.<\/p>\n<p style=\"text-align: justify;\">Por su parte, la presidenta del Tribunal Superior de Justicia del Estado (TSJE), Fanny Margarita Amador Montes, quien atestigu\u00f3 la presentaci\u00f3n del Dec\u00e1logo, reconoci\u00f3 el trabajo de la Comisi\u00f3n con las organizaciones de la sociedad civil \u201cpues abona en el avance del respeto de los derechos humanos, aparentemente hemos avanzado en que todas las personas somos iguales en dignidad, pero sabemos que en la realidad siguen existiendo muchos prejuicios que desafortunadamente se traduce en violaci\u00f3n a los derechos humanos y la dignidad de las personas y eso ya no debe suceder\u201d.<\/p>\n<p style=\"text-align: justify;\">Los puntos b\u00e1sicos del Dec\u00e1logo son: Valora la identidad; Usa nombre y pronombre; Inf\u00f3rmate y comprende; Reconoce la individualidad; Apoya con empat\u00eda; Fomenta espacios inclusivos; Protege su privacidad; Escucha con respeto; Reflexiona sobre tus ideas y creencias; y Reconoce la diversidad.<\/p>\n<p style=\"text-align: justify;\">En la presentaci\u00f3n estuvieron activistas y autoridades municipales, entre integrantes de la poblaci\u00f3n diversa.<\/p>\n<p>&nbsp;<\/p>\n<p><img loading=\"lazy\" decoding=\"async\" class=\"alignnone wp-image-28405 size-full\" src=\"https:\/\/labestiapolitica.com.mx\/wp-content\/uploads\/2024\/06\/U-NOVA-y-se-diferente.png\" alt=\"\" width=\"1000\" height=\"600\" srcset=\"https:\/\/labestiapolitica.com.mx\/wp-content\/uploads\/2024\/06\/U-NOVA-y-se-diferente.png 1000w, https:\/\/labestiapolitica.com.mx\/wp-content\/uploads\/2024\/06\/U-NOVA-y-se-diferente-300x180.png 300w, https:\/\/labestiapolitica.com.mx\/wp-content\/uploads\/2024\/06\/U-NOVA-y-se-diferente-768x461.png 768w\" sizes=\"auto, (max-width: 1000px) 100vw, 1000px\" \/><\/p>\n","protected":false},"excerpt":{"rendered":"<p>El documento fue presentado en las instalaciones del organismo aut\u00f3nomo Con la convicci\u00f3n de reafirmar el derecho de todas las personas a vivir con dignidad, ser reconocidas, respetadas y valoradas por quienes son, la Comisi\u00f3n Estatal de Derechos Humanos de Tlaxcala (CEDHT) y la asociaci\u00f3n civil \u201cNunca dejes de brillar\u201d, presentaron el \u201cDec\u00e1logo para el [&hellip;]<\/p>\n","protected":false},"author":5,"featured_media":52124,"comment_status":"open","ping_status":"open","sticky":false,"template":"","format":"standard","meta":{"footnotes":""},"categories":[7,232],"tags":[],"class_list":["post-52123","post","type-post","status-publish","format-standard","has-post-thumbnail","hentry","category-ciudadanos","category-derechos-humanos-tlaxcala"],"amp_enabled":true,"_links":{"self":[{"href":"https:\/\/labestiapolitica.com.mx\/index.php?rest_route=\/wp\/v2\/posts\/52123","targetHints":{"allow":["GET"]}}],"collection":[{"href":"https:\/\/labestiapolitica.com.mx\/index.php?rest_route=\/wp\/v2\/posts"}],"about":[{"href":"https:\/\/labestiapolitica.com.mx\/index.php?rest_route=\/wp\/v2\/types\/post"}],"author":[{"embeddable":true,"href":"https:\/\/labestiapolitica.com.mx\/index.php?rest_route=\/wp\/v2\/users\/5"}],"replies":[{"embeddable":true,"href":"https:\/\/labestiapolitica.com.mx\/index.php?rest_route=%2Fwp%2Fv2%2Fcomments&post=52123"}],"version-history":[{"count":1,"href":"https:\/\/labestiapolitica.com.mx\/index.php?rest_route=\/wp\/v2\/posts\/52123\/revisions"}],"predecessor-version":[{"id":52125,"href":"https:\/\/labestiapolitica.com.mx\/index.php?rest_route=\/wp\/v2\/posts\/52123\/revisions\/52125"}],"wp:featuredmedia":[{"embeddable":true,"href":"https:\/\/labestiapolitica.com.mx\/index.php?rest_route=\/wp\/v2\/media\/52124"}],"wp:attachment":[{"href":"https:\/\/labestiapolitica.com.mx\/index.php?rest_route=%2Fwp%2Fv2%2Fmedia&parent=52123"}],"wp:term":[{"taxonomy":"category","embeddable":true,"href":"https:\/\/labestiapolitica.com.mx\/index.php?rest_route=%2Fwp%2Fv2%2Fcategories&post=52123"},{"taxonomy":"post_tag","embeddable":true,"href":"https:\/\/labestiapolitica.com.mx\/index.php?rest_route=%2Fwp%2Fv2%2Ftags&post=52123"}],"curies":[{"name":"wp","href":"https:\/\/api.w.org\/{rel}","templated":true}]}}