{"id":52129,"date":"2025-10-23T22:35:11","date_gmt":"2025-10-24T04:35:11","guid":{"rendered":"https:\/\/labestiapolitica.com.mx\/?p=52129"},"modified":"2025-10-23T22:35:11","modified_gmt":"2025-10-24T04:35:11","slug":"localizan-policias-de-san-pablo-del-monte-camioneta-que-fue-robada-en-puebla","status":"publish","type":"post","link":"https:\/\/labestiapolitica.com.mx\/?p=52129","title":{"rendered":"Localizan polic\u00edas de San Pablo del Monte camioneta que fue robada en Puebla."},"content":{"rendered":"<p style=\"text-align: justify;\">La tarde del 22 de octubre elementos de seguridad de San Pablo del Monte, en coordinaci\u00f3n con servicios de seguridad de Puebla, localizaron una camioneta que momentos antes fue robada en la vecina entidad con lujo de violencia.<\/p>\n<p style=\"text-align: justify;\">El hecho se registr\u00f3 en la comunidad de San Isidro Buensuceso por la calle Malintzi, lugar donde la presencia policiaca de diferentes corporaciones arrib\u00f3 para realizar las acciones correspondientes.<\/p>\n<p style=\"text-align: justify;\">De acuerdo con el reporte, el conductor fue interceptado en la autopista M\u00e9xico Veracruz, con sentido a Puebla, a la altura de la caseta de cobro para ingresar al segundo nivel, subi\u00e9ndolo a un auto compacto y llevado rumbo a La Malinche donde fue abandonado.<\/p>\n<p style=\"text-align: justify;\">Al lograr pedir apoyo al 911, inform\u00f3 sobre el caso por lo que se implement\u00f3 un operativo de seguridad pidiendo el apoyo de polic\u00edas de San Pablo del Monte quienes lo encontraron sano y salvo.<\/p>\n<p style=\"text-align: justify;\">En tanto, la camioneta fue localizada trat\u00e1ndose de una JMC Grand Avenue color verde, con placas de circulaci\u00f3n del estado de Tlaxcala.<\/p>\n<p style=\"text-align: justify;\">Ser\u00e1n las autoridades quienes se encarguen de dar seguimiento al caso, a trav\u00e9s de las investigaciones correspondientes.<\/p>\n<p>&nbsp;<\/p>\n<p><img loading=\"lazy\" decoding=\"async\" class=\"alignnone wp-image-28405 size-full\" src=\"https:\/\/labestiapolitica.com.mx\/wp-content\/uploads\/2024\/06\/U-NOVA-y-se-diferente.png\" alt=\"\" width=\"1000\" height=\"600\" srcset=\"https:\/\/labestiapolitica.com.mx\/wp-content\/uploads\/2024\/06\/U-NOVA-y-se-diferente.png 1000w, https:\/\/labestiapolitica.com.mx\/wp-content\/uploads\/2024\/06\/U-NOVA-y-se-diferente-300x180.png 300w, https:\/\/labestiapolitica.com.mx\/wp-content\/uploads\/2024\/06\/U-NOVA-y-se-diferente-768x461.png 768w\" sizes=\"auto, (max-width: 1000px) 100vw, 1000px\" \/><\/p>\n","protected":false},"excerpt":{"rendered":"<p>La tarde del 22 de octubre elementos de seguridad de San Pablo del Monte, en coordinaci\u00f3n con servicios de seguridad de Puebla, localizaron una camioneta que momentos antes fue robada en la vecina entidad con lujo de violencia. El hecho se registr\u00f3 en la comunidad de San Isidro Buensuceso por la calle Malintzi, lugar donde [&hellip;]<\/p>\n","protected":false},"author":5,"featured_media":52130,"comment_status":"open","ping_status":"open","sticky":false,"template":"","format":"standard","meta":{"footnotes":""},"categories":[12,216,223],"tags":[],"class_list":["post-52129","post","type-post","status-publish","format-standard","has-post-thumbnail","hentry","category-brujula-2026","category-municipios","category-san-pablo-del-monte"],"amp_enabled":true,"_links":{"self":[{"href":"https:\/\/labestiapolitica.com.mx\/index.php?rest_route=\/wp\/v2\/posts\/52129","targetHints":{"allow":["GET"]}}],"collection":[{"href":"https:\/\/labestiapolitica.com.mx\/index.php?rest_route=\/wp\/v2\/posts"}],"about":[{"href":"https:\/\/labestiapolitica.com.mx\/index.php?rest_route=\/wp\/v2\/types\/post"}],"author":[{"embeddable":true,"href":"https:\/\/labestiapolitica.com.mx\/index.php?rest_route=\/wp\/v2\/users\/5"}],"replies":[{"embeddable":true,"href":"https:\/\/labestiapolitica.com.mx\/index.php?rest_route=%2Fwp%2Fv2%2Fcomments&post=52129"}],"version-history":[{"count":1,"href":"https:\/\/labestiapolitica.com.mx\/index.php?rest_route=\/wp\/v2\/posts\/52129\/revisions"}],"predecessor-version":[{"id":52131,"href":"https:\/\/labestiapolitica.com.mx\/index.php?rest_route=\/wp\/v2\/posts\/52129\/revisions\/52131"}],"wp:featuredmedia":[{"embeddable":true,"href":"https:\/\/labestiapolitica.com.mx\/index.php?rest_route=\/wp\/v2\/media\/52130"}],"wp:attachment":[{"href":"https:\/\/labestiapolitica.com.mx\/index.php?rest_route=%2Fwp%2Fv2%2Fmedia&parent=52129"}],"wp:term":[{"taxonomy":"category","embeddable":true,"href":"https:\/\/labestiapolitica.com.mx\/index.php?rest_route=%2Fwp%2Fv2%2Fcategories&post=52129"},{"taxonomy":"post_tag","embeddable":true,"href":"https:\/\/labestiapolitica.com.mx\/index.php?rest_route=%2Fwp%2Fv2%2Ftags&post=52129"}],"curies":[{"name":"wp","href":"https:\/\/api.w.org\/{rel}","templated":true}]}}