{"id":52135,"date":"2025-10-23T22:42:16","date_gmt":"2025-10-24T04:42:16","guid":{"rendered":"https:\/\/labestiapolitica.com.mx\/?p=52135"},"modified":"2025-10-23T22:42:16","modified_gmt":"2025-10-24T04:42:16","slug":"marcela-gonzalez-en-morena-tlaxcala-creemos-en-la-fuerza-de-las-mujeres","status":"publish","type":"post","link":"https:\/\/labestiapolitica.com.mx\/?p=52135","title":{"rendered":"Marcela Gonz\u00e1lez \u201cEn Morena Tlaxcala creemos en la fuerza de las mujeres\u201d."},"content":{"rendered":"<p style=\"text-align: justify;\">En el marco del Mes Rosa, el Comit\u00e9 Ejecutivo Estatal de Morena Tlaxcala reafirm\u00f3 su compromiso con el bienestar y la salud de las mujeres tlaxcaltecas mediante la realizaci\u00f3n de la charla conmemorativa \u201cCu\u00eddate, est\u00e1 en tus manos\u201d, un espacio de reflexi\u00f3n y concientizaci\u00f3n sobre la importancia del autocuidado y la prevenci\u00f3n del c\u00e1ncer de mama.<\/p>\n<p style=\"text-align: justify;\">Marcela Gonz\u00e1lez, reconoci\u00f3 el esfuerzo y la participaci\u00f3n de las asistentes, subrayando que en el movimiento se trabaja todos los d\u00edas por la salud, la igualdad y el bienestar de todas las mujeres.<\/p>\n<p style=\"text-align: justify;\">\u201cEn Morena Tlaxcala creemos en la fuerza de las mujeres, en su capacidad transformadora y en la importancia de que cada una cuente con las herramientas necesarias para cuidar de s\u00ed misma y de su entorno\u201d, expres\u00f3 Marcela Gonz\u00e1lez.<\/p>\n<p>&nbsp;<\/p>\n<p><img loading=\"lazy\" decoding=\"async\" class=\"alignnone wp-image-28405 size-full\" src=\"https:\/\/labestiapolitica.com.mx\/wp-content\/uploads\/2024\/06\/U-NOVA-y-se-diferente.png\" alt=\"\" width=\"1000\" height=\"600\" srcset=\"https:\/\/labestiapolitica.com.mx\/wp-content\/uploads\/2024\/06\/U-NOVA-y-se-diferente.png 1000w, https:\/\/labestiapolitica.com.mx\/wp-content\/uploads\/2024\/06\/U-NOVA-y-se-diferente-300x180.png 300w, https:\/\/labestiapolitica.com.mx\/wp-content\/uploads\/2024\/06\/U-NOVA-y-se-diferente-768x461.png 768w\" sizes=\"auto, (max-width: 1000px) 100vw, 1000px\" \/><\/p>\n","protected":false},"excerpt":{"rendered":"<p>En el marco del Mes Rosa, el Comit\u00e9 Ejecutivo Estatal de Morena Tlaxcala reafirm\u00f3 su compromiso con el bienestar y la salud de las mujeres tlaxcaltecas mediante la realizaci\u00f3n de la charla conmemorativa \u201cCu\u00eddate, est\u00e1 en tus manos\u201d, un espacio de reflexi\u00f3n y concientizaci\u00f3n sobre la importancia del autocuidado y la prevenci\u00f3n del c\u00e1ncer de [&hellip;]<\/p>\n","protected":false},"author":5,"featured_media":52136,"comment_status":"open","ping_status":"open","sticky":false,"template":"","format":"standard","meta":{"footnotes":""},"categories":[7,249,247],"tags":[],"class_list":["post-52135","post","type-post","status-publish","format-standard","has-post-thumbnail","hentry","category-ciudadanos","category-morena","category-politica"],"amp_enabled":true,"_links":{"self":[{"href":"https:\/\/labestiapolitica.com.mx\/index.php?rest_route=\/wp\/v2\/posts\/52135","targetHints":{"allow":["GET"]}}],"collection":[{"href":"https:\/\/labestiapolitica.com.mx\/index.php?rest_route=\/wp\/v2\/posts"}],"about":[{"href":"https:\/\/labestiapolitica.com.mx\/index.php?rest_route=\/wp\/v2\/types\/post"}],"author":[{"embeddable":true,"href":"https:\/\/labestiapolitica.com.mx\/index.php?rest_route=\/wp\/v2\/users\/5"}],"replies":[{"embeddable":true,"href":"https:\/\/labestiapolitica.com.mx\/index.php?rest_route=%2Fwp%2Fv2%2Fcomments&post=52135"}],"version-history":[{"count":1,"href":"https:\/\/labestiapolitica.com.mx\/index.php?rest_route=\/wp\/v2\/posts\/52135\/revisions"}],"predecessor-version":[{"id":52137,"href":"https:\/\/labestiapolitica.com.mx\/index.php?rest_route=\/wp\/v2\/posts\/52135\/revisions\/52137"}],"wp:featuredmedia":[{"embeddable":true,"href":"https:\/\/labestiapolitica.com.mx\/index.php?rest_route=\/wp\/v2\/media\/52136"}],"wp:attachment":[{"href":"https:\/\/labestiapolitica.com.mx\/index.php?rest_route=%2Fwp%2Fv2%2Fmedia&parent=52135"}],"wp:term":[{"taxonomy":"category","embeddable":true,"href":"https:\/\/labestiapolitica.com.mx\/index.php?rest_route=%2Fwp%2Fv2%2Fcategories&post=52135"},{"taxonomy":"post_tag","embeddable":true,"href":"https:\/\/labestiapolitica.com.mx\/index.php?rest_route=%2Fwp%2Fv2%2Ftags&post=52135"}],"curies":[{"name":"wp","href":"https:\/\/api.w.org\/{rel}","templated":true}]}}