{"id":52138,"date":"2025-10-23T22:45:06","date_gmt":"2025-10-24T04:45:06","guid":{"rendered":"https:\/\/labestiapolitica.com.mx\/?p=52138"},"modified":"2025-10-23T22:45:19","modified_gmt":"2025-10-24T04:45:19","slug":"proteccion-civil-de-zacatelco-inicia-jornada-de-sanitizacion-en-instituciones-educativas","status":"publish","type":"post","link":"https:\/\/labestiapolitica.com.mx\/?p=52138","title":{"rendered":"Protecci\u00f3n Civil de Zacatelco inicia jornada de sanitizaci\u00f3n en instituciones educativas."},"content":{"rendered":"<ul>\n<li style=\"text-align: justify;\">Como resultado de la epidemia del virus coxsackie, se est\u00e1n recorriendo jardines de ni\u00f1os, primarias y secundarias del municipio de Zacatelco.<\/li>\n<\/ul>\n<p style=\"text-align: justify;\">Con el firme compromiso de garantizar espacios saludables y libres de enfermedades que puedan afectar a la ni\u00f1ez, el gobierno municipal de Zacatelco 2024-2027, encabezado por el presidente Jos\u00e9 Miguel Acatzi Luna, a trav\u00e9s de la Direcci\u00f3n de Protecci\u00f3n Civil, ha puesto en marcha una jornada de sanitizaci\u00f3n en diversas instituciones educativas que han reportado casos positivos del virus coxsackie.<\/p>\n<p style=\"text-align: justify;\">El titular de Protecci\u00f3n Civil de Zacatelco, Iv\u00e1n Solar Rold\u00e1n, destac\u00f3 que estas jornadas se llevan a cabo por instrucciones del presidente municipal Jos\u00e9 Miguel Acatzi, con el objetivo de prevenir contagios.<\/p>\n<p style=\"text-align: justify;\">\u201cQueremos agradecer a los directivos y padres de familia que nos han convocado para atender esta emergencia sanitaria. Sabemos que nuestros ni\u00f1os y ni\u00f1as est\u00e1n expuestos a diferentes enfermedades, y por ello estamos recorriendo las escuelas que nos han solicitado apoyo\u201d, se\u00f1al\u00f3 el director de Protecci\u00f3n Civil.<\/p>\n<p style=\"text-align: justify;\">Las actividades comenzaron en el Jard\u00edn de Ni\u00f1os \u201cAntonino Gonz\u00e1lez Abascal\u201d, de la primera secci\u00f3n, donde el personal de Protecci\u00f3n Civil realiz\u00f3 la sanitizaci\u00f3n de salones, patios, ba\u00f1os, oficinas y \u00e1reas de juegos, as\u00ed como puertas, ventanas y barandales.<\/p>\n<p style=\"text-align: justify;\">Posteriormente, el equipo se traslad\u00f3 al Jard\u00edn de Ni\u00f1os \u201cFederico Froebel\u201d y a las escuelas primarias \u201cIgnacio Zaragoza\u201d y \u201cJos\u00e9 Vasconcelos\u201d del turno vespertino.<\/p>\n<p style=\"text-align: justify;\">Adem\u00e1s, se informa a los directivos y padres de familia que deseen solicitar esta medida que pueden comunicarse al DIF municipal, a trav\u00e9s de la coordinaci\u00f3n de salud, al n\u00famero 246 497 18 82.<\/p>\n<p style=\"text-align: justify;\">Con estas medidas sanitarias, se refuerza la prevenci\u00f3n del virus en los ni\u00f1os y ni\u00f1as del municipio.<\/p>\n<p style=\"text-align: justify;\">Asimismo, Protecci\u00f3n Civil y el \u00e1rea de salud recomiendan el lavado frecuente de manos, el uso de cubrebocas y acudir al m\u00e9dico ante los primeros s\u00edntomas, como fiebre, dolor de cabeza y escurrimiento nasal.<\/p>\n<p>&nbsp;<\/p>\n<p><img loading=\"lazy\" decoding=\"async\" class=\"alignnone wp-image-28405 size-full\" src=\"https:\/\/labestiapolitica.com.mx\/wp-content\/uploads\/2024\/06\/U-NOVA-y-se-diferente.png\" alt=\"\" width=\"1000\" height=\"600\" srcset=\"https:\/\/labestiapolitica.com.mx\/wp-content\/uploads\/2024\/06\/U-NOVA-y-se-diferente.png 1000w, https:\/\/labestiapolitica.com.mx\/wp-content\/uploads\/2024\/06\/U-NOVA-y-se-diferente-300x180.png 300w, https:\/\/labestiapolitica.com.mx\/wp-content\/uploads\/2024\/06\/U-NOVA-y-se-diferente-768x461.png 768w\" sizes=\"auto, (max-width: 1000px) 100vw, 1000px\" \/><\/p>\n","protected":false},"excerpt":{"rendered":"<p>Como resultado de la epidemia del virus coxsackie, se est\u00e1n recorriendo jardines de ni\u00f1os, primarias y secundarias del municipio de Zacatelco. Con el firme compromiso de garantizar espacios saludables y libres de enfermedades que puedan afectar a la ni\u00f1ez, el gobierno municipal de Zacatelco 2024-2027, encabezado por el presidente Jos\u00e9 Miguel Acatzi Luna, a trav\u00e9s [&hellip;]<\/p>\n","protected":false},"author":5,"featured_media":52139,"comment_status":"open","ping_status":"open","sticky":false,"template":"","format":"standard","meta":{"footnotes":""},"categories":[7,216,217],"tags":[],"class_list":["post-52138","post","type-post","status-publish","format-standard","has-post-thumbnail","hentry","category-ciudadanos","category-municipios","category-zacatelco"],"amp_enabled":true,"_links":{"self":[{"href":"https:\/\/labestiapolitica.com.mx\/index.php?rest_route=\/wp\/v2\/posts\/52138","targetHints":{"allow":["GET"]}}],"collection":[{"href":"https:\/\/labestiapolitica.com.mx\/index.php?rest_route=\/wp\/v2\/posts"}],"about":[{"href":"https:\/\/labestiapolitica.com.mx\/index.php?rest_route=\/wp\/v2\/types\/post"}],"author":[{"embeddable":true,"href":"https:\/\/labestiapolitica.com.mx\/index.php?rest_route=\/wp\/v2\/users\/5"}],"replies":[{"embeddable":true,"href":"https:\/\/labestiapolitica.com.mx\/index.php?rest_route=%2Fwp%2Fv2%2Fcomments&post=52138"}],"version-history":[{"count":1,"href":"https:\/\/labestiapolitica.com.mx\/index.php?rest_route=\/wp\/v2\/posts\/52138\/revisions"}],"predecessor-version":[{"id":52140,"href":"https:\/\/labestiapolitica.com.mx\/index.php?rest_route=\/wp\/v2\/posts\/52138\/revisions\/52140"}],"wp:featuredmedia":[{"embeddable":true,"href":"https:\/\/labestiapolitica.com.mx\/index.php?rest_route=\/wp\/v2\/media\/52139"}],"wp:attachment":[{"href":"https:\/\/labestiapolitica.com.mx\/index.php?rest_route=%2Fwp%2Fv2%2Fmedia&parent=52138"}],"wp:term":[{"taxonomy":"category","embeddable":true,"href":"https:\/\/labestiapolitica.com.mx\/index.php?rest_route=%2Fwp%2Fv2%2Fcategories&post=52138"},{"taxonomy":"post_tag","embeddable":true,"href":"https:\/\/labestiapolitica.com.mx\/index.php?rest_route=%2Fwp%2Fv2%2Ftags&post=52138"}],"curies":[{"name":"wp","href":"https:\/\/api.w.org\/{rel}","templated":true}]}}