{"id":52141,"date":"2025-10-23T22:47:30","date_gmt":"2025-10-24T04:47:30","guid":{"rendered":"https:\/\/labestiapolitica.com.mx\/?p=52141"},"modified":"2025-10-23T22:47:30","modified_gmt":"2025-10-24T04:47:30","slug":"concluye-con-exito-el-1er-taller-de-pan-y-alimentos-accion-inclusiva-en-zacatelco","status":"publish","type":"post","link":"https:\/\/labestiapolitica.com.mx\/?p=52141","title":{"rendered":"Concluye con \u00e9xito el \u201c1er. Taller de pan y alimentos, acci\u00f3n inclusiva\u201d en Zacatelco."},"content":{"rendered":"<p style=\"text-align: justify;\">Este mi\u00e9rcoles 22 de octubre, el Gobierno Municipal de Zacatelco a trav\u00e9s del Instituto Municipal de Atenci\u00f3n a Personas con Discapacidad, llev\u00f3 a cabo la clausura del \u201c1er. Taller de pan y alimentos, acci\u00f3n inclusiva\u201d, una iniciativa que permiti\u00f3 a ocho alumnos aprender la elaboraci\u00f3n de panes, donas, galletas y empanadas, adem\u00e1s de fomentar el emprendimiento y la inclusi\u00f3n social.<\/p>\n<p style=\"text-align: justify;\">Durante varias semanas, los participantes no solo adquirieron conocimientos pr\u00e1cticos en panader\u00eda, sino que tambi\u00e9n tuvieron la oportunidad de comercializar sus productos cada mi\u00e9rcoles, fortaleciendo as\u00ed sus habilidades para el autoempleo y la independencia econ\u00f3mica.<\/p>\n<p style=\"text-align: justify;\">El evento de clausura cont\u00f3 con la presencia de distinguidas autoridades municipales, entre ellas la presidenta honor\u00edfica del DIF Municipal Lic. Natali Chamorro Garz\u00f3n, la directora del Instituto Municipal de Atenci\u00f3n a Adultos Mayores Profa. Virgilia Gochez P\u00e9rez, el director de la Unidad B\u00e1sica de Rehabilitaci\u00f3n Lic. \u00c1lvaro Yair Tizal Trejo, la Lic. en Gastronom\u00eda Gloria Estefi Torres S\u00e1nchez, el Lic. Marcos Texis Roldan representante de la Fundaci\u00f3n Rajem de Dios; y el director anfitri\u00f3n del Instituto Municipal de Atenci\u00f3n a Personas con Discapacidad Lic. Josu\u00e9 M\u00e9ndez Gonz\u00e1lez.<\/p>\n<p style=\"text-align: justify;\">En su mensaje, Josu\u00e9 M\u00e9ndez Gonz\u00e1lez expres\u00f3 su satisfacci\u00f3n por los logros alcanzados por los alumnos y destac\u00f3 la importancia de sumar esfuerzos para generar oportunidades inclusivas.<\/p>\n<p style=\"text-align: justify;\">\u201cEste es el fruto del trabajo conjunto. Zacatelco es el primer municipio del estado en contar con un Instituto Municipal de Atenci\u00f3n a Personas con Discapacidad y eso nos llena de orgullo. Hoy felicito a cada uno de los graduados por su esfuerzo, su coraz\u00f3n y por ser un ejemplo para todos nosotros\u201d, se\u00f1al\u00f3.<\/p>\n<p style=\"text-align: justify;\">El director reconoci\u00f3 de manera especial a los participantes por su compromiso y entusiasmo, destacando casos como el de la se\u00f1ora Columba, quien dijo: \u201cha demostrado que nunca es tarde para aprender y sonre\u00edr nuevamente\u201d. Tambi\u00e9n extendi\u00f3 su agradecimiento a las familias por su apoyo y acompa\u00f1amiento durante todo el proceso.<\/p>\n<p style=\"text-align: justify;\">Por su parte, la presidenta honor\u00edfica del DIF Municipal Natali Chamorro Garz\u00f3n expres\u00f3 su emoci\u00f3n y gratitud por formar parte de este proyecto que impulsa la inclusi\u00f3n y el desarrollo humano.<\/p>\n<p style=\"text-align: justify;\">\u201cEstoy profundamente agradecida por permitirme compartir, servir y amar a personas con un coraz\u00f3n tan grande. Nac\u00ed para servir, y ver sus rostros felices es la mayor recompensa. Esto es solo un granito de arena, pero demuestra que s\u00ed se puede transformar vidas con acciones como esta\u201d, afirm\u00f3.<\/p>\n<p style=\"text-align: justify;\">La chef instructora Gloria Estefi Torres S\u00e1nchez tambi\u00e9n comparti\u00f3 su emoci\u00f3n al se\u00f1alar que este grupo fue muy especial para ella: \u201cFueron mis primeros alumnos y aqu\u00ed no form\u00e9 solo un grupo, sino una familia. Los quiero mucho\u201d, expres\u00f3 conmovida.<\/p>\n<p style=\"text-align: justify;\">Finalmente, se entregaron reconocimientos a los ocho participantes, quienes culminaron con \u00e9xito este taller que no solo represent\u00f3 una oportunidad de aprendizaje, sino tambi\u00e9n de crecimiento personal.<\/p>\n<p style=\"text-align: justify;\">Con acciones como esta el Gobierno Municipal de Zacatelco reafirma su compromiso con la inclusi\u00f3n, la capacitaci\u00f3n y el desarrollo integral de las personas con discapacidad, impulsando programas que promueven la igualdad de oportunidades para todos.<\/p>\n<p>&nbsp;<\/p>\n<p><img loading=\"lazy\" decoding=\"async\" class=\"alignnone wp-image-28405 size-full\" src=\"https:\/\/labestiapolitica.com.mx\/wp-content\/uploads\/2024\/06\/U-NOVA-y-se-diferente.png\" alt=\"\" width=\"1000\" height=\"600\" srcset=\"https:\/\/labestiapolitica.com.mx\/wp-content\/uploads\/2024\/06\/U-NOVA-y-se-diferente.png 1000w, https:\/\/labestiapolitica.com.mx\/wp-content\/uploads\/2024\/06\/U-NOVA-y-se-diferente-300x180.png 300w, https:\/\/labestiapolitica.com.mx\/wp-content\/uploads\/2024\/06\/U-NOVA-y-se-diferente-768x461.png 768w\" sizes=\"auto, (max-width: 1000px) 100vw, 1000px\" \/><\/p>\n","protected":false},"excerpt":{"rendered":"<p>Este mi\u00e9rcoles 22 de octubre, el Gobierno Municipal de Zacatelco a trav\u00e9s del Instituto Municipal de Atenci\u00f3n a Personas con Discapacidad, llev\u00f3 a cabo la clausura del \u201c1er. Taller de pan y alimentos, acci\u00f3n inclusiva\u201d, una iniciativa que permiti\u00f3 a ocho alumnos aprender la elaboraci\u00f3n de panes, donas, galletas y empanadas, adem\u00e1s de fomentar el [&hellip;]<\/p>\n","protected":false},"author":5,"featured_media":52142,"comment_status":"open","ping_status":"open","sticky":false,"template":"","format":"standard","meta":{"footnotes":""},"categories":[7,216,217],"tags":[],"class_list":["post-52141","post","type-post","status-publish","format-standard","has-post-thumbnail","hentry","category-ciudadanos","category-municipios","category-zacatelco"],"amp_enabled":true,"_links":{"self":[{"href":"https:\/\/labestiapolitica.com.mx\/index.php?rest_route=\/wp\/v2\/posts\/52141","targetHints":{"allow":["GET"]}}],"collection":[{"href":"https:\/\/labestiapolitica.com.mx\/index.php?rest_route=\/wp\/v2\/posts"}],"about":[{"href":"https:\/\/labestiapolitica.com.mx\/index.php?rest_route=\/wp\/v2\/types\/post"}],"author":[{"embeddable":true,"href":"https:\/\/labestiapolitica.com.mx\/index.php?rest_route=\/wp\/v2\/users\/5"}],"replies":[{"embeddable":true,"href":"https:\/\/labestiapolitica.com.mx\/index.php?rest_route=%2Fwp%2Fv2%2Fcomments&post=52141"}],"version-history":[{"count":1,"href":"https:\/\/labestiapolitica.com.mx\/index.php?rest_route=\/wp\/v2\/posts\/52141\/revisions"}],"predecessor-version":[{"id":52143,"href":"https:\/\/labestiapolitica.com.mx\/index.php?rest_route=\/wp\/v2\/posts\/52141\/revisions\/52143"}],"wp:featuredmedia":[{"embeddable":true,"href":"https:\/\/labestiapolitica.com.mx\/index.php?rest_route=\/wp\/v2\/media\/52142"}],"wp:attachment":[{"href":"https:\/\/labestiapolitica.com.mx\/index.php?rest_route=%2Fwp%2Fv2%2Fmedia&parent=52141"}],"wp:term":[{"taxonomy":"category","embeddable":true,"href":"https:\/\/labestiapolitica.com.mx\/index.php?rest_route=%2Fwp%2Fv2%2Fcategories&post=52141"},{"taxonomy":"post_tag","embeddable":true,"href":"https:\/\/labestiapolitica.com.mx\/index.php?rest_route=%2Fwp%2Fv2%2Ftags&post=52141"}],"curies":[{"name":"wp","href":"https:\/\/api.w.org\/{rel}","templated":true}]}}