{"id":52147,"date":"2025-10-23T23:12:07","date_gmt":"2025-10-24T05:12:07","guid":{"rendered":"https:\/\/labestiapolitica.com.mx\/?p=52147"},"modified":"2025-10-23T23:12:07","modified_gmt":"2025-10-24T05:12:07","slug":"la-trinidad-chimalpa-recibe-conversatorio-sobre-derechos-de-los-pueblos-indigenas","status":"publish","type":"post","link":"https:\/\/labestiapolitica.com.mx\/?p=52147","title":{"rendered":"La Trinidad Chimalpa recibe conversatorio sobre derechos de los pueblos ind\u00edgenas."},"content":{"rendered":"<p style=\"text-align: justify;\">En el Auditorio de la Trinidad Chimalpa y con la importante presencia del Secretario de Gobierno: \ud835\udddf\ud835\ude02\ud835\uddf6\ud835\ude00 \ud835\uddd4\ud835\uddfb\ud835\ude01\ud835\uddfc\ud835\uddfb\ud835\uddf6\ud835\uddfc \ud835\udddb\ud835\uddf2\ud835\uddff\ud835\uddfb\u00e1\ud835\uddfb\ud835\uddf1\ud835\uddf2\ud835\ude07 \ud835\udde5\ud835\uddee\ud835\uddfa\u00ed\ud835\uddff\ud835\uddf2\ud835\ude07, la Presidenta de la Comisi\u00f3n Estatal de Derechos Humanos: \ud835\udddd\ud835\uddee\ud835\uddf0\ud835\uddfe\ud835\ude02\ud835\uddf2\ud835\uddf9\ud835\uddf6\ud835\uddfb\ud835\uddf2 \ud835\udde2\ud835\uddff\ud835\uddf1\u00f3\u00f1\ud835\uddf2\ud835\ude07 \ud835\uddd5\ud835\uddff\ud835\uddee\ud835\ude00\ud835\uddf1\ud835\uddf2\ud835\uddf3\ud835\uddf2\ud835\uddff, el presidente municipal Ing. Benjam\u00edn Atonal Conde, la presidenta y presidente de Teotlalpan y Chimalpa: Eva Segura Ju\u00e1rez y Aten\u00f3genes Meneses C\u00f3rdoba, se llev\u00f3 a cabo el conversatorio \u00ab\ud835\udde3\ud835\uddff\ud835\uddfc\ud835\ude01\ud835\uddf2\ud835\uddf0\ud835\uddf0\ud835\uddf6\u00f3\ud835\uddfb \ud835\uddf1\ud835\uddf2 \ud835\uddf9\ud835\uddfc\ud835\ude00 \ud835\uddd7\ud835\uddf2\ud835\uddff\ud835\uddf2\ud835\uddf0\ud835\uddf5\ud835\uddfc\ud835\ude00 \ud835\udddb\ud835\ude02\ud835\uddfa\ud835\uddee\ud835\uddfb\ud835\uddfc\ud835\ude00 \ud835\uddf1\ud835\uddf2 \ud835\uddf9\ud835\uddfc\ud835\ude00 \ud835\udde3\ud835\ude02\ud835\uddf2\ud835\uddef\ud835\uddf9\ud835\uddfc\ud835\ude00 \ud835\ude06 \ud835\uddd6\ud835\uddfc\ud835\uddfa\ud835\ude02\ud835\uddfb\ud835\uddf6\ud835\uddf1\ud835\uddee\ud835\uddf1\ud835\uddf2\ud835\ude00 \ud835\udddc\ud835\uddfb\ud835\uddf1\u00ed\ud835\uddf4\ud835\uddf2\ud835\uddfb\ud835\uddee\ud835\ude00 \ud835\uddf2\ud835\uddfb \ud835\uddf2\ud835\uddf9 \ud835\uddd8\ud835\ude00\ud835\ude01\ud835\uddee\ud835\uddf1\ud835\uddfc \ud835\uddf1\ud835\uddf2 \ud835\udde7\ud835\uddf9\ud835\uddee\ud835\ude05\ud835\uddf0\ud835\uddee\ud835\uddf9\ud835\uddee\u00bb, en el que tambi\u00e9n participaron las y los regidores, la s\u00edndico municipal, presidentes del resto de comunidades e integrantes de las comunidades ind\u00edgenas.<\/p>\n<p style=\"text-align: justify;\">Durante el evento, los asistentes presenciaron una ceremonia ancestral, la narraci\u00f3n de una poes\u00eda en N\u00e1huatl y por supuesto en conversatorio, donde se abordaron temas de gran relevancia para \ud835\ude03\ud835\uddf6\ud835\ude00\ud835\uddf6\ud835\uddef\ud835\uddf6\ud835\uddf9\ud835\uddf6\ud835\ude07\ud835\uddee\ud835\uddff, \ud835\uddfd\ud835\uddff\ud835\uddfc\ud835\uddfa\ud835\uddfc\ud835\ude03\ud835\uddf2\ud835\uddff \ud835\ude06 \ud835\uddf1\ud835\uddf2\ud835\uddf3\ud835\uddf2\ud835\uddfb\ud835\uddf1\ud835\uddf2\ud835\uddff \ud835\uddf9\ud835\uddfc\ud835\ude00 \ud835\uddf1\ud835\uddf2\ud835\uddff\ud835\uddf2\ud835\uddf0\ud835\uddf5\ud835\uddfc\ud835\ude00 \ud835\ude01\ud835\uddf2\ud835\uddff\ud835\uddff\ud835\uddf6\ud835\ude01\ud835\uddfc\ud835\uddff\ud835\uddf6\ud835\uddee\ud835\uddf9\ud835\uddf2\ud835\ude00, \ud835\uddf0\ud835\ude02\ud835\uddf9\ud835\ude01\ud835\ude02\ud835\uddff\ud835\uddee\ud835\uddf9\ud835\uddf2\ud835\ude00 \ud835\ude06 \ud835\uddf5\ud835\ude02\ud835\uddfa\ud835\uddee\ud835\uddfb\ud835\uddfc\ud835\ude00, as\u00ed como fortalecer su participaci\u00f3n en procesos de toma de decisiones.<\/p>\n<p style=\"text-align: justify;\">Durante su mensaje, Atonal Conde asever\u00f3 que: \u00bb las \ud835\uddfb\ud835\ude02\ud835\uddf2\ud835\ude03\ud835\uddf2 \ud835\uddf0\ud835\uddfc\ud835\uddfa\ud835\ude02\ud835\uddfb\ud835\uddf6\ud835\uddf1\ud835\uddee\ud835\uddf1\ud835\uddf2\ud835\ude00 \ud835\uddfe\ud835\ude02\ud835\uddf2 \ud835\uddf0\ud835\uddfc\ud835\uddfb\ud835\uddf3\ud835\uddfc\ud835\uddff\ud835\uddfa\ud835\uddee\ud835\uddfb \ud835\uddf2\ud835\uddf9 \ud835\uddfa\ud835\ude02\ud835\uddfb\ud835\uddf6\ud835\uddf0\ud835\uddf6\ud835\uddfd\ud835\uddf6\ud835\uddfc \ud835\uddf5\ud835\uddee\ud835\uddfb \ud835\ude00\ud835\uddf6\ud835\uddf1\ud835\uddfc \ud835\uddff\ud835\uddf2\ud835\uddf0\ud835\uddfc\ud835\uddfb\ud835\uddfc\ud835\uddf0\ud835\uddf6\ud835\uddf1\ud835\uddee\ud835\ude00 \ud835\uddfd\ud835\uddfc\ud835\uddff \ud835\uddf2\ud835\uddf9 \ud835\udddc\ud835\uddfb\ud835\ude00\ud835\ude01\ud835\uddf6\ud835\ude01\ud835\ude02\ud835\ude01\ud835\uddfc \ud835\udde1\ud835\uddee\ud835\uddf0\ud835\uddf6\ud835\uddfc\ud835\uddfb\ud835\uddee\ud835\uddf9 \ud835\uddf1\ud835\uddf2 \ud835\uddf9\ud835\uddfc\ud835\ude00 \ud835\udde3\ud835\ude02\ud835\uddf2\ud835\uddef\ud835\uddf9\ud835\uddfc\ud835\ude00 \ud835\udddc\ud835\uddfb\ud835\uddf1\u00ed\ud835\uddf4\ud835\uddf2\ud835\uddfb\ud835\uddee\ud835\ude00 (INPI), por ello, junto a los diferentes \u00f3rdenes de gobierno, se intensificar\u00e1n los trabajos para garantizar la protecci\u00f3n de los derechos humanos de las comunidades ind\u00edgenas de Totolac y Por supuesto, de todo el Estado.<\/p>\n<p>&nbsp;<\/p>\n<p><img loading=\"lazy\" decoding=\"async\" class=\"alignnone wp-image-28405 size-full\" src=\"https:\/\/labestiapolitica.com.mx\/wp-content\/uploads\/2024\/06\/U-NOVA-y-se-diferente.png\" alt=\"\" width=\"1000\" height=\"600\" srcset=\"https:\/\/labestiapolitica.com.mx\/wp-content\/uploads\/2024\/06\/U-NOVA-y-se-diferente.png 1000w, https:\/\/labestiapolitica.com.mx\/wp-content\/uploads\/2024\/06\/U-NOVA-y-se-diferente-300x180.png 300w, https:\/\/labestiapolitica.com.mx\/wp-content\/uploads\/2024\/06\/U-NOVA-y-se-diferente-768x461.png 768w\" sizes=\"auto, (max-width: 1000px) 100vw, 1000px\" \/><\/p>\n","protected":false},"excerpt":{"rendered":"<p>En el Auditorio de la Trinidad Chimalpa y con la importante presencia del Secretario de Gobierno: \ud835\udddf\ud835\ude02\ud835\uddf6\ud835\ude00 \ud835\uddd4\ud835\uddfb\ud835\ude01\ud835\uddfc\ud835\uddfb\ud835\uddf6\ud835\uddfc \ud835\udddb\ud835\uddf2\ud835\uddff\ud835\uddfb\u00e1\ud835\uddfb\ud835\uddf1\ud835\uddf2\ud835\ude07 \ud835\udde5\ud835\uddee\ud835\uddfa\u00ed\ud835\uddff\ud835\uddf2\ud835\ude07, la Presidenta de la Comisi\u00f3n Estatal de Derechos Humanos: \ud835\udddd\ud835\uddee\ud835\uddf0\ud835\uddfe\ud835\ude02\ud835\uddf2\ud835\uddf9\ud835\uddf6\ud835\uddfb\ud835\uddf2 \ud835\udde2\ud835\uddff\ud835\uddf1\u00f3\u00f1\ud835\uddf2\ud835\ude07 \ud835\uddd5\ud835\uddff\ud835\uddee\ud835\ude00\ud835\uddf1\ud835\uddf2\ud835\uddf3\ud835\uddf2\ud835\uddff, el presidente municipal Ing. Benjam\u00edn Atonal Conde, la presidenta y presidente de Teotlalpan y Chimalpa: Eva Segura Ju\u00e1rez y Aten\u00f3genes Meneses C\u00f3rdoba, se [&hellip;]<\/p>\n","protected":false},"author":5,"featured_media":52148,"comment_status":"open","ping_status":"open","sticky":false,"template":"","format":"standard","meta":{"footnotes":""},"categories":[7,216,225],"tags":[],"class_list":["post-52147","post","type-post","status-publish","format-standard","has-post-thumbnail","hentry","category-ciudadanos","category-municipios","category-totolac"],"amp_enabled":true,"_links":{"self":[{"href":"https:\/\/labestiapolitica.com.mx\/index.php?rest_route=\/wp\/v2\/posts\/52147","targetHints":{"allow":["GET"]}}],"collection":[{"href":"https:\/\/labestiapolitica.com.mx\/index.php?rest_route=\/wp\/v2\/posts"}],"about":[{"href":"https:\/\/labestiapolitica.com.mx\/index.php?rest_route=\/wp\/v2\/types\/post"}],"author":[{"embeddable":true,"href":"https:\/\/labestiapolitica.com.mx\/index.php?rest_route=\/wp\/v2\/users\/5"}],"replies":[{"embeddable":true,"href":"https:\/\/labestiapolitica.com.mx\/index.php?rest_route=%2Fwp%2Fv2%2Fcomments&post=52147"}],"version-history":[{"count":1,"href":"https:\/\/labestiapolitica.com.mx\/index.php?rest_route=\/wp\/v2\/posts\/52147\/revisions"}],"predecessor-version":[{"id":52149,"href":"https:\/\/labestiapolitica.com.mx\/index.php?rest_route=\/wp\/v2\/posts\/52147\/revisions\/52149"}],"wp:featuredmedia":[{"embeddable":true,"href":"https:\/\/labestiapolitica.com.mx\/index.php?rest_route=\/wp\/v2\/media\/52148"}],"wp:attachment":[{"href":"https:\/\/labestiapolitica.com.mx\/index.php?rest_route=%2Fwp%2Fv2%2Fmedia&parent=52147"}],"wp:term":[{"taxonomy":"category","embeddable":true,"href":"https:\/\/labestiapolitica.com.mx\/index.php?rest_route=%2Fwp%2Fv2%2Fcategories&post=52147"},{"taxonomy":"post_tag","embeddable":true,"href":"https:\/\/labestiapolitica.com.mx\/index.php?rest_route=%2Fwp%2Fv2%2Ftags&post=52147"}],"curies":[{"name":"wp","href":"https:\/\/api.w.org\/{rel}","templated":true}]}}