{"id":52160,"date":"2025-10-24T16:26:28","date_gmt":"2025-10-24T22:26:28","guid":{"rendered":"https:\/\/labestiapolitica.com.mx\/?p=52160"},"modified":"2025-10-24T16:26:28","modified_gmt":"2025-10-24T22:26:28","slug":"gobierno-municipal-de-zacatelco-fortalece-la-seguridad-en-la-colonia-domingo-arenas-con-la-entrega-de-alarmas-vecinales","status":"publish","type":"post","link":"https:\/\/labestiapolitica.com.mx\/?p=52160","title":{"rendered":"Gobierno Municipal de Zacatelco fortalece la seguridad en la Colonia Domingo Arenas con la entrega de alarmas vecinales"},"content":{"rendered":"<p style=\"text-align: justify;\" data-start=\"1007\" data-end=\"1375\">Como parte del compromiso por reforzar la seguridad y promover la participaci\u00f3n ciudadana, el <strong data-start=\"1101\" data-end=\"1136\">Gobierno Municipal de Zacatelco<\/strong>, encabezado por el presidente <strong data-start=\"1167\" data-end=\"1194\">Jos\u00e9 Miguel Acatzi Luna<\/strong>, a trav\u00e9s del \u00e1rea de <strong data-start=\"1217\" data-end=\"1262\">Prevenci\u00f3n del Delito y Proximidad Social<\/strong>, llev\u00f3 a cabo la <strong data-start=\"1280\" data-end=\"1316\">entrega de dos alarmas vecinales<\/strong> en la calle Zacatelco, de la <strong data-start=\"1346\" data-end=\"1372\">Colonia Domingo Arenas<\/strong>.<\/p>\n<p style=\"text-align: justify;\" data-start=\"1377\" data-end=\"1658\">Estas herramientas de alerta permitir\u00e1n a las y los habitantes emitir una se\u00f1al inmediata ante cualquier situaci\u00f3n de riesgo, contribuyendo a una <strong data-start=\"1523\" data-end=\"1579\">respuesta oportuna por parte de la Polic\u00eda Municipal<\/strong> y fortaleciendo los lazos de confianza entre la comunidad y las autoridades.<\/p>\n<p style=\"text-align: justify;\" data-start=\"1660\" data-end=\"1925\">Durante la entrega, personal de la direcci\u00f3n explic\u00f3 el funcionamiento de las alarmas y c\u00f3mo se integran a la red de seguridad comunitaria, donde los vecinos pueden coordinarse de manera efectiva con los cuerpos de emergencia a trav\u00e9s de sus dispositivos m\u00f3viles.<\/p>\n<p style=\"text-align: justify;\" data-start=\"1927\" data-end=\"2187\">El \u00e1rea de Prevenci\u00f3n del Delito destac\u00f3 la importancia de este programa, cuyo objetivo es fomentar la <strong data-start=\"2030\" data-end=\"2076\">creaci\u00f3n de grupos de \u201cVecinos Vigilantes\u201d<\/strong>, orientados a la <strong data-start=\"2094\" data-end=\"2154\">colaboraci\u00f3n, la comunicaci\u00f3n y la prevenci\u00f3n de delitos<\/strong> en cada colonia del municipio.<\/p>\n<p style=\"text-align: justify;\" data-start=\"2189\" data-end=\"2405\">Con estas acciones, el Ayuntamiento de Zacatelco refrenda su compromiso de continuar impulsando estrategias que fortalezcan la <strong data-start=\"2316\" data-end=\"2403\">seguridad, la organizaci\u00f3n social y la tranquilidad de las familias zacatelquenses.<\/strong><\/p>\n","protected":false},"excerpt":{"rendered":"<p>Como parte del compromiso por reforzar la seguridad y promover la participaci\u00f3n ciudadana, el Gobierno Municipal de Zacatelco, encabezado por el presidente Jos\u00e9 Miguel Acatzi Luna, a trav\u00e9s del \u00e1rea de Prevenci\u00f3n del Delito y Proximidad Social, llev\u00f3 a cabo la entrega de dos alarmas vecinales en la calle Zacatelco, de la Colonia Domingo Arenas. [&hellip;]<\/p>\n","protected":false},"author":3,"featured_media":52161,"comment_status":"open","ping_status":"open","sticky":false,"template":"","format":"standard","meta":{"footnotes":""},"categories":[216,217],"tags":[],"class_list":["post-52160","post","type-post","status-publish","format-standard","has-post-thumbnail","hentry","category-municipios","category-zacatelco"],"amp_enabled":true,"_links":{"self":[{"href":"https:\/\/labestiapolitica.com.mx\/index.php?rest_route=\/wp\/v2\/posts\/52160","targetHints":{"allow":["GET"]}}],"collection":[{"href":"https:\/\/labestiapolitica.com.mx\/index.php?rest_route=\/wp\/v2\/posts"}],"about":[{"href":"https:\/\/labestiapolitica.com.mx\/index.php?rest_route=\/wp\/v2\/types\/post"}],"author":[{"embeddable":true,"href":"https:\/\/labestiapolitica.com.mx\/index.php?rest_route=\/wp\/v2\/users\/3"}],"replies":[{"embeddable":true,"href":"https:\/\/labestiapolitica.com.mx\/index.php?rest_route=%2Fwp%2Fv2%2Fcomments&post=52160"}],"version-history":[{"count":2,"href":"https:\/\/labestiapolitica.com.mx\/index.php?rest_route=\/wp\/v2\/posts\/52160\/revisions"}],"predecessor-version":[{"id":52163,"href":"https:\/\/labestiapolitica.com.mx\/index.php?rest_route=\/wp\/v2\/posts\/52160\/revisions\/52163"}],"wp:featuredmedia":[{"embeddable":true,"href":"https:\/\/labestiapolitica.com.mx\/index.php?rest_route=\/wp\/v2\/media\/52161"}],"wp:attachment":[{"href":"https:\/\/labestiapolitica.com.mx\/index.php?rest_route=%2Fwp%2Fv2%2Fmedia&parent=52160"}],"wp:term":[{"taxonomy":"category","embeddable":true,"href":"https:\/\/labestiapolitica.com.mx\/index.php?rest_route=%2Fwp%2Fv2%2Fcategories&post=52160"},{"taxonomy":"post_tag","embeddable":true,"href":"https:\/\/labestiapolitica.com.mx\/index.php?rest_route=%2Fwp%2Fv2%2Ftags&post=52160"}],"curies":[{"name":"wp","href":"https:\/\/api.w.org\/{rel}","templated":true}]}}