{"id":52164,"date":"2025-10-24T16:40:37","date_gmt":"2025-10-24T22:40:37","guid":{"rendered":"https:\/\/labestiapolitica.com.mx\/?p=52164"},"modified":"2025-10-24T16:40:37","modified_gmt":"2025-10-24T22:40:37","slug":"gobierno-municipal-de-zacatelco-fortalece-la-salud-emocional-de-la-ninez-con-el-programa-habla-con-tus-hijos-escucha-su-corazon","status":"publish","type":"post","link":"https:\/\/labestiapolitica.com.mx\/?p=52164","title":{"rendered":"Gobierno Municipal de Zacatelco fortalece la salud emocional de la ni\u00f1ez con el programa \u201cHabla con tus hijos, escucha su coraz\u00f3n\u201d"},"content":{"rendered":"<p style=\"text-align: justify;\" data-start=\"1121\" data-end=\"1474\">Con el firme compromiso de promover el bienestar integral de la ni\u00f1ez zacatelquense, el <strong data-start=\"1209\" data-end=\"1244\">Gobierno Municipal de Zacatelco<\/strong>, encabezado por el presidente <strong data-start=\"1275\" data-end=\"1302\">Jos\u00e9 Miguel Acatzi Luna<\/strong>, en coordinaci\u00f3n con el <strong data-start=\"1327\" data-end=\"1352\">Sistema Municipal DIF<\/strong>, llev\u00f3 a cabo una jornada del programa <strong data-start=\"1392\" data-end=\"1437\">\u201cHabla con tus hijos, escucha su coraz\u00f3n\u201d<\/strong> en la escuela primaria <em data-start=\"1461\" data-end=\"1471\">\u201cPatria\u201d<\/em>.<\/p>\n<p style=\"text-align: justify;\" data-start=\"1476\" data-end=\"1853\">Durante la actividad, el presidente municipal estuvo acompa\u00f1ado por la <strong data-start=\"1547\" data-end=\"1614\">Presidenta Honor\u00edfica del DIF Municipal, Natali Chamorro Garz\u00f3n<\/strong>, as\u00ed como por personal de <strong data-start=\"1641\" data-end=\"1704\">Protecci\u00f3n Civil, Prevenci\u00f3n del Delito y Proximidad Social<\/strong>, quienes instalaron diversos <strong data-start=\"1734\" data-end=\"1757\">stands informativos<\/strong> y realizaron <strong data-start=\"1771\" data-end=\"1833\">din\u00e1micas enfocadas en la salud mental, f\u00edsica y emocional<\/strong> de ni\u00f1as y ni\u00f1os.<\/p>\n<p style=\"text-align: justify;\" data-start=\"1855\" data-end=\"2059\">El objetivo del programa es fomentar una <strong data-start=\"1896\" data-end=\"1960\">comunicaci\u00f3n abierta y afectiva entre madres, padres e hijos<\/strong>, reforzando valores como el respeto, la empat\u00eda y la confianza en el entorno familiar y escolar.<\/p>\n<p style=\"text-align: justify;\" data-start=\"2061\" data-end=\"2366\">En su mensaje, el alcalde Jos\u00e9 Miguel Acatzi Luna destac\u00f3 que <strong data-start=\"2123\" data-end=\"2218\">la educaci\u00f3n emocional es clave para formar generaciones m\u00e1s fuertes, seguras y conscientes<\/strong>, reafirmando que su administraci\u00f3n trabaja de manera coordinada para brindar a las infancias herramientas que fortalezcan su desarrollo integral.<\/p>\n<p style=\"text-align: justify;\" data-start=\"2368\" data-end=\"2582\">Por su parte, la presidenta del DIF, Natali Chamorro Garz\u00f3n, subray\u00f3 la importancia de <strong data-start=\"2455\" data-end=\"2511\">escuchar y comprender las emociones de ni\u00f1as y ni\u00f1os<\/strong>, promoviendo espacios de di\u00e1logo donde puedan expresarse libremente.<\/p>\n<p style=\"text-align: justify;\" data-start=\"2584\" data-end=\"2751\">Con estas acciones, el Ayuntamiento de Zacatelco contin\u00faa impulsando pol\u00edticas p\u00fablicas centradas en el bienestar familiar y el fortalecimiento del tejido social. \ud83d\udc9c<\/p>\n","protected":false},"excerpt":{"rendered":"<p>Con el firme compromiso de promover el bienestar integral de la ni\u00f1ez zacatelquense, el Gobierno Municipal de Zacatelco, encabezado por el presidente Jos\u00e9 Miguel Acatzi Luna, en coordinaci\u00f3n con el Sistema Municipal DIF, llev\u00f3 a cabo una jornada del programa \u201cHabla con tus hijos, escucha su coraz\u00f3n\u201d en la escuela primaria \u201cPatria\u201d. Durante la actividad, [&hellip;]<\/p>\n","protected":false},"author":3,"featured_media":52165,"comment_status":"open","ping_status":"open","sticky":false,"template":"","format":"standard","meta":{"footnotes":""},"categories":[216,217],"tags":[],"class_list":["post-52164","post","type-post","status-publish","format-standard","has-post-thumbnail","hentry","category-municipios","category-zacatelco"],"amp_enabled":true,"_links":{"self":[{"href":"https:\/\/labestiapolitica.com.mx\/index.php?rest_route=\/wp\/v2\/posts\/52164","targetHints":{"allow":["GET"]}}],"collection":[{"href":"https:\/\/labestiapolitica.com.mx\/index.php?rest_route=\/wp\/v2\/posts"}],"about":[{"href":"https:\/\/labestiapolitica.com.mx\/index.php?rest_route=\/wp\/v2\/types\/post"}],"author":[{"embeddable":true,"href":"https:\/\/labestiapolitica.com.mx\/index.php?rest_route=\/wp\/v2\/users\/3"}],"replies":[{"embeddable":true,"href":"https:\/\/labestiapolitica.com.mx\/index.php?rest_route=%2Fwp%2Fv2%2Fcomments&post=52164"}],"version-history":[{"count":2,"href":"https:\/\/labestiapolitica.com.mx\/index.php?rest_route=\/wp\/v2\/posts\/52164\/revisions"}],"predecessor-version":[{"id":52167,"href":"https:\/\/labestiapolitica.com.mx\/index.php?rest_route=\/wp\/v2\/posts\/52164\/revisions\/52167"}],"wp:featuredmedia":[{"embeddable":true,"href":"https:\/\/labestiapolitica.com.mx\/index.php?rest_route=\/wp\/v2\/media\/52165"}],"wp:attachment":[{"href":"https:\/\/labestiapolitica.com.mx\/index.php?rest_route=%2Fwp%2Fv2%2Fmedia&parent=52164"}],"wp:term":[{"taxonomy":"category","embeddable":true,"href":"https:\/\/labestiapolitica.com.mx\/index.php?rest_route=%2Fwp%2Fv2%2Fcategories&post=52164"},{"taxonomy":"post_tag","embeddable":true,"href":"https:\/\/labestiapolitica.com.mx\/index.php?rest_route=%2Fwp%2Fv2%2Ftags&post=52164"}],"curies":[{"name":"wp","href":"https:\/\/api.w.org\/{rel}","templated":true}]}}