{"id":52168,"date":"2025-10-24T16:52:54","date_gmt":"2025-10-24T22:52:54","guid":{"rendered":"https:\/\/labestiapolitica.com.mx\/?p=52168"},"modified":"2025-10-24T16:53:14","modified_gmt":"2025-10-24T22:53:14","slug":"apertura-del-mercadito-de-los-suenos-edicion-dia-de-muertos","status":"publish","type":"post","link":"https:\/\/labestiapolitica.com.mx\/?p=52168","title":{"rendered":"Apertura del \u201cMercadito de los Sue\u00f1os\u201d Edici\u00f3n D\u00eda de Muertos"},"content":{"rendered":"<p style=\"text-align: justify;\">Un espacio para impulsar la econom\u00eda local y celebrar nuestras tradiciones<\/p>\n<p style=\"text-align: justify;\">El d\u00eda de hoy se llev\u00f3 a cabo la apertura del Mercadito de los Sue\u00f1os, Edici\u00f3n D\u00eda de Muertos, encabezada por el Presidente Municipal, Lic. Giovani Montiel L\u00f3pez, y la Presidenta Honor\u00edfica del Sistema Municipal para el Desarrollo Integral de la Familia (SMDIF) Tetla, Mtra. Gabriela Mac\u00edas Barranco.<\/p>\n<p style=\"text-align: justify;\">Este espacio tiene como prop\u00f3sito impulsar la econom\u00eda local, brindando un lugar donde las y los emprendedores tetlenses puedan ofrecer sus productos y servicios, al tiempo que se promueve la convivencia familiar en un entorno lleno de color, tradici\u00f3n y emprendimiento.<\/p>\n<p style=\"text-align: justify;\">Durante el evento inaugural, las autoridades municipales destacaron la importancia de generar oportunidades para el desarrollo econ\u00f3mico y social de las familias, as\u00ed como de preservar las costumbres que fortalecen nuestra identidad como comunidad.<\/p>\n<p style=\"text-align: justify;\">El Mercadito de los Sue\u00f1os permanecer\u00e1 abierto del 24 al 29 de octubre, ofreciendo una amplia variedad de productos artesanales, gastron\u00f3micos y decorativos alusivos al D\u00eda de Muertos.<\/p>\n<p style=\"text-align: justify;\">El Gobierno Municipal de Tetla de la Solidaridad invita a la ciudadan\u00eda a visitar este espacio y ser parte de esta gran experiencia que une tradici\u00f3n y bienestar.<\/p>\n","protected":false},"excerpt":{"rendered":"<p>Un espacio para impulsar la econom\u00eda local y celebrar nuestras tradiciones El d\u00eda de hoy se llev\u00f3 a cabo la apertura del Mercadito de los Sue\u00f1os, Edici\u00f3n D\u00eda de Muertos, encabezada por el Presidente Municipal, Lic. Giovani Montiel L\u00f3pez, y la Presidenta Honor\u00edfica del Sistema Municipal para el Desarrollo Integral de la Familia (SMDIF) Tetla, [&hellip;]<\/p>\n","protected":false},"author":3,"featured_media":52169,"comment_status":"open","ping_status":"open","sticky":false,"template":"","format":"standard","meta":{"footnotes":""},"categories":[216,227],"tags":[],"class_list":["post-52168","post","type-post","status-publish","format-standard","has-post-thumbnail","hentry","category-municipios","category-tetla"],"amp_enabled":true,"_links":{"self":[{"href":"https:\/\/labestiapolitica.com.mx\/index.php?rest_route=\/wp\/v2\/posts\/52168","targetHints":{"allow":["GET"]}}],"collection":[{"href":"https:\/\/labestiapolitica.com.mx\/index.php?rest_route=\/wp\/v2\/posts"}],"about":[{"href":"https:\/\/labestiapolitica.com.mx\/index.php?rest_route=\/wp\/v2\/types\/post"}],"author":[{"embeddable":true,"href":"https:\/\/labestiapolitica.com.mx\/index.php?rest_route=\/wp\/v2\/users\/3"}],"replies":[{"embeddable":true,"href":"https:\/\/labestiapolitica.com.mx\/index.php?rest_route=%2Fwp%2Fv2%2Fcomments&post=52168"}],"version-history":[{"count":3,"href":"https:\/\/labestiapolitica.com.mx\/index.php?rest_route=\/wp\/v2\/posts\/52168\/revisions"}],"predecessor-version":[{"id":52172,"href":"https:\/\/labestiapolitica.com.mx\/index.php?rest_route=\/wp\/v2\/posts\/52168\/revisions\/52172"}],"wp:featuredmedia":[{"embeddable":true,"href":"https:\/\/labestiapolitica.com.mx\/index.php?rest_route=\/wp\/v2\/media\/52169"}],"wp:attachment":[{"href":"https:\/\/labestiapolitica.com.mx\/index.php?rest_route=%2Fwp%2Fv2%2Fmedia&parent=52168"}],"wp:term":[{"taxonomy":"category","embeddable":true,"href":"https:\/\/labestiapolitica.com.mx\/index.php?rest_route=%2Fwp%2Fv2%2Fcategories&post=52168"},{"taxonomy":"post_tag","embeddable":true,"href":"https:\/\/labestiapolitica.com.mx\/index.php?rest_route=%2Fwp%2Fv2%2Ftags&post=52168"}],"curies":[{"name":"wp","href":"https:\/\/api.w.org\/{rel}","templated":true}]}}