{"id":52173,"date":"2025-10-24T17:10:17","date_gmt":"2025-10-24T23:10:17","guid":{"rendered":"https:\/\/labestiapolitica.com.mx\/?p=52173"},"modified":"2025-10-24T17:10:17","modified_gmt":"2025-10-24T23:10:17","slug":"exito-rotundo-del-ciclo-de-cine-infantil-en-zacatelco","status":"publish","type":"post","link":"https:\/\/labestiapolitica.com.mx\/?p=52173","title":{"rendered":"\u00c9xito rotundo del Ciclo de Cine Infantil en Zacatelco"},"content":{"rendered":"<p style=\"text-align: justify;\" data-start=\"808\" data-end=\"1131\">Con una gran asistencia de familias zacatelquenses, el <strong data-start=\"863\" data-end=\"898\">Gobierno Municipal de Zacatelco<\/strong>, que encabeza el presidente <strong data-start=\"927\" data-end=\"954\">Jos\u00e9 Miguel Acatzi Luna<\/strong>, llev\u00f3 a cabo con \u00e9xito el <strong data-start=\"982\" data-end=\"1008\">Ciclo de Cine Infantil<\/strong>, una iniciativa que fomenta la convivencia familiar y el acceso a espacios recreativos para ni\u00f1as y ni\u00f1os del municipio.<\/p>\n<p style=\"text-align: justify;\" data-start=\"1133\" data-end=\"1440\">Durante la jornada, los peque\u00f1os disfrutaron de una funci\u00f3n especial llena de alegr\u00eda, risas y entretenimiento \ud83c\udf7f\ud83c\udfa5. La actividad tuvo lugar en un ambiente seguro y familiar, reafirmando el compromiso del Ayuntamiento con el <strong data-start=\"1358\" data-end=\"1395\">fortalecimiento del tejido social<\/strong> a trav\u00e9s de la cultura y el esparcimiento.<\/p>\n<p style=\"text-align: justify;\" data-start=\"1442\" data-end=\"1659\">Autoridades municipales destacaron la importancia de generar actividades gratuitas que impulsen la sana convivencia, adem\u00e1s de ofrecer alternativas recreativas que fortalezcan los lazos entre padres, madres e hijos.<\/p>\n<p style=\"text-align: justify;\" data-start=\"1661\" data-end=\"1925\">El Ayuntamiento de Zacatelco reiter\u00f3 su compromiso de continuar promoviendo <strong data-start=\"1737\" data-end=\"1827\">espacios que inspiren la uni\u00f3n familiar, la educaci\u00f3n emocional y el disfrute cultural<\/strong>, como parte de su estrategia integral para construir un municipio fuerte, seguro y con valores.<\/p>\n","protected":false},"excerpt":{"rendered":"<p>Con una gran asistencia de familias zacatelquenses, el Gobierno Municipal de Zacatelco, que encabeza el presidente Jos\u00e9 Miguel Acatzi Luna, llev\u00f3 a cabo con \u00e9xito el Ciclo de Cine Infantil, una iniciativa que fomenta la convivencia familiar y el acceso a espacios recreativos para ni\u00f1as y ni\u00f1os del municipio. Durante la jornada, los peque\u00f1os disfrutaron [&hellip;]<\/p>\n","protected":false},"author":3,"featured_media":52174,"comment_status":"open","ping_status":"open","sticky":false,"template":"","format":"standard","meta":{"footnotes":""},"categories":[216,217],"tags":[],"class_list":["post-52173","post","type-post","status-publish","format-standard","has-post-thumbnail","hentry","category-municipios","category-zacatelco"],"amp_enabled":true,"_links":{"self":[{"href":"https:\/\/labestiapolitica.com.mx\/index.php?rest_route=\/wp\/v2\/posts\/52173","targetHints":{"allow":["GET"]}}],"collection":[{"href":"https:\/\/labestiapolitica.com.mx\/index.php?rest_route=\/wp\/v2\/posts"}],"about":[{"href":"https:\/\/labestiapolitica.com.mx\/index.php?rest_route=\/wp\/v2\/types\/post"}],"author":[{"embeddable":true,"href":"https:\/\/labestiapolitica.com.mx\/index.php?rest_route=\/wp\/v2\/users\/3"}],"replies":[{"embeddable":true,"href":"https:\/\/labestiapolitica.com.mx\/index.php?rest_route=%2Fwp%2Fv2%2Fcomments&post=52173"}],"version-history":[{"count":2,"href":"https:\/\/labestiapolitica.com.mx\/index.php?rest_route=\/wp\/v2\/posts\/52173\/revisions"}],"predecessor-version":[{"id":52176,"href":"https:\/\/labestiapolitica.com.mx\/index.php?rest_route=\/wp\/v2\/posts\/52173\/revisions\/52176"}],"wp:featuredmedia":[{"embeddable":true,"href":"https:\/\/labestiapolitica.com.mx\/index.php?rest_route=\/wp\/v2\/media\/52174"}],"wp:attachment":[{"href":"https:\/\/labestiapolitica.com.mx\/index.php?rest_route=%2Fwp%2Fv2%2Fmedia&parent=52173"}],"wp:term":[{"taxonomy":"category","embeddable":true,"href":"https:\/\/labestiapolitica.com.mx\/index.php?rest_route=%2Fwp%2Fv2%2Fcategories&post=52173"},{"taxonomy":"post_tag","embeddable":true,"href":"https:\/\/labestiapolitica.com.mx\/index.php?rest_route=%2Fwp%2Fv2%2Ftags&post=52173"}],"curies":[{"name":"wp","href":"https:\/\/api.w.org\/{rel}","templated":true}]}}