{"id":52177,"date":"2025-10-24T17:28:15","date_gmt":"2025-10-24T23:28:15","guid":{"rendered":"https:\/\/labestiapolitica.com.mx\/?p=52177"},"modified":"2025-10-24T17:28:15","modified_gmt":"2025-10-24T23:28:15","slug":"presidente-jose-miguel-acatzi-luna-exhorta-a-reforzar-la-seguridad-durante-la-temporada-de-dia-de-muertos","status":"publish","type":"post","link":"https:\/\/labestiapolitica.com.mx\/?p=52177","title":{"rendered":"Presidente Jos\u00e9 Miguel Acatzi Luna exhorta a reforzar la seguridad durante la temporada de D\u00eda de Muertos"},"content":{"rendered":"<p style=\"text-align: justify;\" data-start=\"1151\" data-end=\"1458\">Con el prop\u00f3sito de <strong data-start=\"1171\" data-end=\"1244\">garantizar la tranquilidad y bienestar de las familias zacatelquenses<\/strong>, el presidente municipal <strong data-start=\"1270\" data-end=\"1297\">Jos\u00e9 Miguel Acatzi Luna<\/strong> visit\u00f3 las instalaciones de la <strong data-start=\"1329\" data-end=\"1384\">Direcci\u00f3n de Seguridad P\u00fablica y Vialidad Municipal<\/strong>, donde sostuvo un encuentro con el personal operativo y administrativo.<\/p>\n<p style=\"text-align: justify;\" data-start=\"1460\" data-end=\"1746\">Durante su visita, el alcalde exhort\u00f3 a los elementos a <strong data-start=\"1516\" data-end=\"1580\">redoblar esfuerzos en las labores de vigilancia y prevenci\u00f3n<\/strong>, especialmente durante la temporada de <strong data-start=\"1620\" data-end=\"1638\">D\u00eda de Muertos<\/strong>, en la que se incrementa la movilidad y la afluencia en espacios p\u00fablicos, panteones y zonas comerciales.<\/p>\n<p style=\"text-align: justify;\" data-start=\"1748\" data-end=\"1952\">El presidente municipal destac\u00f3 el papel fundamental que desempe\u00f1an los polic\u00edas en la <strong data-start=\"1835\" data-end=\"1886\">construcci\u00f3n de un Zacatelco seguro y solidario<\/strong>, reconociendo su compromiso, disciplina y vocaci\u00f3n de servicio.<\/p>\n<p style=\"text-align: justify;\" data-start=\"1954\" data-end=\"2235\">Por su parte, el director de Seguridad P\u00fablica, <strong data-start=\"2002\" data-end=\"2026\">Jes\u00fas Herrera Moreno<\/strong>, reafirm\u00f3 el compromiso del cuerpo policial con la ciudadan\u00eda, se\u00f1alando que cada acci\u00f3n emprendida busca <strong data-start=\"2133\" data-end=\"2232\">dignificar la labor policial y fortalecer el sentido de identidad y confianza en la instituci\u00f3n<\/strong>.<\/p>\n<p style=\"text-align: justify;\" data-start=\"2237\" data-end=\"2418\">Con estas acciones, el Gobierno Municipal de Zacatelco reitera su compromiso con la seguridad, el orden y la paz social, trabajando siempre por el bienestar de todas las familias.<\/p>\n","protected":false},"excerpt":{"rendered":"<p>Con el prop\u00f3sito de garantizar la tranquilidad y bienestar de las familias zacatelquenses, el presidente municipal Jos\u00e9 Miguel Acatzi Luna visit\u00f3 las instalaciones de la Direcci\u00f3n de Seguridad P\u00fablica y Vialidad Municipal, donde sostuvo un encuentro con el personal operativo y administrativo. Durante su visita, el alcalde exhort\u00f3 a los elementos a redoblar esfuerzos en [&hellip;]<\/p>\n","protected":false},"author":3,"featured_media":52178,"comment_status":"open","ping_status":"open","sticky":false,"template":"","format":"standard","meta":{"footnotes":""},"categories":[216,217],"tags":[],"class_list":["post-52177","post","type-post","status-publish","format-standard","has-post-thumbnail","hentry","category-municipios","category-zacatelco"],"amp_enabled":true,"_links":{"self":[{"href":"https:\/\/labestiapolitica.com.mx\/index.php?rest_route=\/wp\/v2\/posts\/52177","targetHints":{"allow":["GET"]}}],"collection":[{"href":"https:\/\/labestiapolitica.com.mx\/index.php?rest_route=\/wp\/v2\/posts"}],"about":[{"href":"https:\/\/labestiapolitica.com.mx\/index.php?rest_route=\/wp\/v2\/types\/post"}],"author":[{"embeddable":true,"href":"https:\/\/labestiapolitica.com.mx\/index.php?rest_route=\/wp\/v2\/users\/3"}],"replies":[{"embeddable":true,"href":"https:\/\/labestiapolitica.com.mx\/index.php?rest_route=%2Fwp%2Fv2%2Fcomments&post=52177"}],"version-history":[{"count":2,"href":"https:\/\/labestiapolitica.com.mx\/index.php?rest_route=\/wp\/v2\/posts\/52177\/revisions"}],"predecessor-version":[{"id":52180,"href":"https:\/\/labestiapolitica.com.mx\/index.php?rest_route=\/wp\/v2\/posts\/52177\/revisions\/52180"}],"wp:featuredmedia":[{"embeddable":true,"href":"https:\/\/labestiapolitica.com.mx\/index.php?rest_route=\/wp\/v2\/media\/52178"}],"wp:attachment":[{"href":"https:\/\/labestiapolitica.com.mx\/index.php?rest_route=%2Fwp%2Fv2%2Fmedia&parent=52177"}],"wp:term":[{"taxonomy":"category","embeddable":true,"href":"https:\/\/labestiapolitica.com.mx\/index.php?rest_route=%2Fwp%2Fv2%2Fcategories&post=52177"},{"taxonomy":"post_tag","embeddable":true,"href":"https:\/\/labestiapolitica.com.mx\/index.php?rest_route=%2Fwp%2Fv2%2Ftags&post=52177"}],"curies":[{"name":"wp","href":"https:\/\/api.w.org\/{rel}","templated":true}]}}