{"id":52181,"date":"2025-10-24T18:33:00","date_gmt":"2025-10-25T00:33:00","guid":{"rendered":"https:\/\/labestiapolitica.com.mx\/?p=52181"},"modified":"2025-10-24T18:33:00","modified_gmt":"2025-10-25T00:33:00","slug":"exito-total-en-el-curso-de-elaboracion-de-catrinas-con-materiales-reciclados-en-zacatelco","status":"publish","type":"post","link":"https:\/\/labestiapolitica.com.mx\/?p=52181","title":{"rendered":"\u00c9xito total en el curso de elaboraci\u00f3n de catrinas con materiales reciclados en Zacatelco"},"content":{"rendered":"<p data-start=\"1011\" data-end=\"1330\">Con gran participaci\u00f3n y entusiasmo ciudadano, el <strong data-start=\"1061\" data-end=\"1096\">Gobierno Municipal de Zacatelco<\/strong>, a trav\u00e9s de la <strong data-start=\"1113\" data-end=\"1137\">Biblioteca Municipal<\/strong>, llev\u00f3 a cabo con \u00e9xito el <em data-start=\"1165\" data-end=\"1225\">Curso de Elaboraci\u00f3n de Catrinas con Materiales Reciclados<\/em>, actividad que fomenta la creatividad, el cuidado ambiental y la preservaci\u00f3n de nuestras tradiciones.<\/p>\n<p data-start=\"1332\" data-end=\"1544\">Durante la jornada, ni\u00f1as, ni\u00f1os, j\u00f3venes y adultos dieron rienda suelta a su imaginaci\u00f3n, creando coloridas catrinas con materiales reutilizables, en un ambiente de convivencia, aprendizaje y esp\u00edritu festivo.<\/p>\n<p data-start=\"1546\" data-end=\"1815\">La encargada de la Biblioteca Municipal, <strong data-start=\"1587\" data-end=\"1596\">Sandy<\/strong>, agradeci\u00f3 la amplia participaci\u00f3n de la comunidad y anunci\u00f3 que pr\u00f3ximamente se realizar\u00e1 un nuevo <strong data-start=\"1697\" data-end=\"1733\">curso de elaboraci\u00f3n de diademas<\/strong>, como parte del programa cultural rumbo a las festividades de <em data-start=\"1796\" data-end=\"1812\">D\u00eda de Muertos<\/em>.<\/p>\n<p data-start=\"1817\" data-end=\"2078\">Con estas actividades, el Ayuntamiento que encabeza el presidente <strong data-start=\"1883\" data-end=\"1910\">Jos\u00e9 Miguel Acatzi Luna<\/strong> reafirma su compromiso de promover la educaci\u00f3n, la cultura y la participaci\u00f3n ciudadana a trav\u00e9s de espacios que fortalecen la identidad y el orgullo zacatelquense.<\/p>\n","protected":false},"excerpt":{"rendered":"<p>Con gran participaci\u00f3n y entusiasmo ciudadano, el Gobierno Municipal de Zacatelco, a trav\u00e9s de la Biblioteca Municipal, llev\u00f3 a cabo con \u00e9xito el Curso de Elaboraci\u00f3n de Catrinas con Materiales Reciclados, actividad que fomenta la creatividad, el cuidado ambiental y la preservaci\u00f3n de nuestras tradiciones. Durante la jornada, ni\u00f1as, ni\u00f1os, j\u00f3venes y adultos dieron rienda [&hellip;]<\/p>\n","protected":false},"author":3,"featured_media":52182,"comment_status":"open","ping_status":"open","sticky":false,"template":"","format":"standard","meta":{"footnotes":""},"categories":[216,217],"tags":[],"class_list":["post-52181","post","type-post","status-publish","format-standard","has-post-thumbnail","hentry","category-municipios","category-zacatelco"],"amp_enabled":true,"_links":{"self":[{"href":"https:\/\/labestiapolitica.com.mx\/index.php?rest_route=\/wp\/v2\/posts\/52181","targetHints":{"allow":["GET"]}}],"collection":[{"href":"https:\/\/labestiapolitica.com.mx\/index.php?rest_route=\/wp\/v2\/posts"}],"about":[{"href":"https:\/\/labestiapolitica.com.mx\/index.php?rest_route=\/wp\/v2\/types\/post"}],"author":[{"embeddable":true,"href":"https:\/\/labestiapolitica.com.mx\/index.php?rest_route=\/wp\/v2\/users\/3"}],"replies":[{"embeddable":true,"href":"https:\/\/labestiapolitica.com.mx\/index.php?rest_route=%2Fwp%2Fv2%2Fcomments&post=52181"}],"version-history":[{"count":1,"href":"https:\/\/labestiapolitica.com.mx\/index.php?rest_route=\/wp\/v2\/posts\/52181\/revisions"}],"predecessor-version":[{"id":52188,"href":"https:\/\/labestiapolitica.com.mx\/index.php?rest_route=\/wp\/v2\/posts\/52181\/revisions\/52188"}],"wp:featuredmedia":[{"embeddable":true,"href":"https:\/\/labestiapolitica.com.mx\/index.php?rest_route=\/wp\/v2\/media\/52182"}],"wp:attachment":[{"href":"https:\/\/labestiapolitica.com.mx\/index.php?rest_route=%2Fwp%2Fv2%2Fmedia&parent=52181"}],"wp:term":[{"taxonomy":"category","embeddable":true,"href":"https:\/\/labestiapolitica.com.mx\/index.php?rest_route=%2Fwp%2Fv2%2Fcategories&post=52181"},{"taxonomy":"post_tag","embeddable":true,"href":"https:\/\/labestiapolitica.com.mx\/index.php?rest_route=%2Fwp%2Fv2%2Ftags&post=52181"}],"curies":[{"name":"wp","href":"https:\/\/api.w.org\/{rel}","templated":true}]}}