{"id":52189,"date":"2025-10-24T18:34:07","date_gmt":"2025-10-25T00:34:07","guid":{"rendered":"https:\/\/labestiapolitica.com.mx\/?p=52189"},"modified":"2025-10-24T18:34:07","modified_gmt":"2025-10-25T00:34:07","slug":"alfonso-sanchez-garcia-fortalece-la-cercania-ciudadana-con-jornada-de-audiencias-publicas-en-san-gabriel-cuauhtla","status":"publish","type":"post","link":"https:\/\/labestiapolitica.com.mx\/?p=52189","title":{"rendered":"Alfonso S\u00e1nchez Garc\u00eda fortalece la cercan\u00eda ciudadana con jornada de audiencias p\u00fablicas en San Gabriel Cuauhtla"},"content":{"rendered":"<p style=\"text-align: justify;\" data-start=\"355\" data-end=\"686\">Con el prop\u00f3sito de mantener un gobierno cercano que escucha, atiende y responde, el <strong data-start=\"440\" data-end=\"500\">presidente municipal de Tlaxcala, Alfonso S\u00e1nchez Garc\u00eda<\/strong>, encabez\u00f3 una <strong data-start=\"515\" data-end=\"549\">jornada de audiencias p\u00fablicas<\/strong> en la comunidad de <strong data-start=\"569\" data-end=\"593\">San Gabriel Cuauhtla<\/strong>, donde escuch\u00f3 directamente las inquietudes, peticiones y propuestas de las y los vecinos.<\/p>\n<p style=\"text-align: justify;\" data-start=\"688\" data-end=\"1022\">Durante este ejercicio de di\u00e1logo abierto, el alcalde reafirm\u00f3 su compromiso de <strong data-start=\"768\" data-end=\"814\">trabajar hombro a hombro con la ciudadan\u00eda<\/strong>, destacando que \u201cescuchar a la gente es la mejor forma de gobernar\u201d. A\u00f1adi\u00f3 que cada encuentro con la poblaci\u00f3n permite <strong data-start=\"935\" data-end=\"989\">atender con mayor precisi\u00f3n las necesidades reales<\/strong> de las colonias y comunidades.<\/p>\n<p style=\"text-align: justify;\" data-start=\"1024\" data-end=\"1311\">En el transcurso de la jornada, las familias de San Gabriel Cuauhtla expresaron su reconocimiento a la disposici\u00f3n del presidente municipal y su equipo de trabajo, quienes atendieron temas relacionados con <strong data-start=\"1230\" data-end=\"1308\">servicios p\u00fablicos, seguridad, infraestructura y programas de apoyo social<\/strong>.<\/p>\n<p style=\"text-align: justify;\" data-start=\"1313\" data-end=\"1540\">El ambiente fue de di\u00e1logo, cercan\u00eda y colaboraci\u00f3n. Entre sonrisas y agradecimientos, las y los vecinos valoraron que el alcalde salga al territorio para escuchar y resolver de manera directa las necesidades de la poblaci\u00f3n.<\/p>\n<p style=\"text-align: justify;\" data-start=\"1542\" data-end=\"1758\">Estas <strong data-start=\"1548\" data-end=\"1582\">jornadas de atenci\u00f3n ciudadana<\/strong> forman parte de una <strong data-start=\"1603\" data-end=\"1663\">estrategia permanente del Gobierno Municipal de Tlaxcala<\/strong> para fortalecer la confianza, la transparencia y la participaci\u00f3n comunitaria en la capital.<\/p>\n","protected":false},"excerpt":{"rendered":"<p>Con el prop\u00f3sito de mantener un gobierno cercano que escucha, atiende y responde, el presidente municipal de Tlaxcala, Alfonso S\u00e1nchez Garc\u00eda, encabez\u00f3 una jornada de audiencias p\u00fablicas en la comunidad de San Gabriel Cuauhtla, donde escuch\u00f3 directamente las inquietudes, peticiones y propuestas de las y los vecinos. Durante este ejercicio de di\u00e1logo abierto, el alcalde [&hellip;]<\/p>\n","protected":false},"author":3,"featured_media":52190,"comment_status":"open","ping_status":"open","sticky":false,"template":"","format":"standard","meta":{"footnotes":""},"categories":[216,214],"tags":[],"class_list":["post-52189","post","type-post","status-publish","format-standard","has-post-thumbnail","hentry","category-municipios","category-tlaxcala-capital"],"amp_enabled":true,"_links":{"self":[{"href":"https:\/\/labestiapolitica.com.mx\/index.php?rest_route=\/wp\/v2\/posts\/52189","targetHints":{"allow":["GET"]}}],"collection":[{"href":"https:\/\/labestiapolitica.com.mx\/index.php?rest_route=\/wp\/v2\/posts"}],"about":[{"href":"https:\/\/labestiapolitica.com.mx\/index.php?rest_route=\/wp\/v2\/types\/post"}],"author":[{"embeddable":true,"href":"https:\/\/labestiapolitica.com.mx\/index.php?rest_route=\/wp\/v2\/users\/3"}],"replies":[{"embeddable":true,"href":"https:\/\/labestiapolitica.com.mx\/index.php?rest_route=%2Fwp%2Fv2%2Fcomments&post=52189"}],"version-history":[{"count":2,"href":"https:\/\/labestiapolitica.com.mx\/index.php?rest_route=\/wp\/v2\/posts\/52189\/revisions"}],"predecessor-version":[{"id":52192,"href":"https:\/\/labestiapolitica.com.mx\/index.php?rest_route=\/wp\/v2\/posts\/52189\/revisions\/52192"}],"wp:featuredmedia":[{"embeddable":true,"href":"https:\/\/labestiapolitica.com.mx\/index.php?rest_route=\/wp\/v2\/media\/52190"}],"wp:attachment":[{"href":"https:\/\/labestiapolitica.com.mx\/index.php?rest_route=%2Fwp%2Fv2%2Fmedia&parent=52189"}],"wp:term":[{"taxonomy":"category","embeddable":true,"href":"https:\/\/labestiapolitica.com.mx\/index.php?rest_route=%2Fwp%2Fv2%2Fcategories&post=52189"},{"taxonomy":"post_tag","embeddable":true,"href":"https:\/\/labestiapolitica.com.mx\/index.php?rest_route=%2Fwp%2Fv2%2Ftags&post=52189"}],"curies":[{"name":"wp","href":"https:\/\/api.w.org\/{rel}","templated":true}]}}