{"id":52197,"date":"2025-10-24T18:40:29","date_gmt":"2025-10-25T00:40:29","guid":{"rendered":"https:\/\/labestiapolitica.com.mx\/?p=52197"},"modified":"2025-10-24T18:40:29","modified_gmt":"2025-10-25T00:40:29","slug":"alfonso-sanchez-garcia-acompana-a-la-gobernadora-lorena-cuellar-en-la-inauguracion-de-tlaxcala-la-feria-de-ferias-2025","status":"publish","type":"post","link":"https:\/\/labestiapolitica.com.mx\/?p=52197","title":{"rendered":"Alfonso S\u00e1nchez Garc\u00eda acompa\u00f1a a la gobernadora Lorena Cu\u00e9llar en la inauguraci\u00f3n de \u201cTlaxcala, la Feria de Ferias 2025\u201d"},"content":{"rendered":"<p style=\"text-align: justify;\" data-start=\"389\" data-end=\"727\">En un ambiente de alegr\u00eda, unidad y orgullo tlaxcalteca, el <strong data-start=\"449\" data-end=\"509\">presidente municipal de Tlaxcala, Alfonso S\u00e1nchez Garc\u00eda<\/strong>, acompa\u00f1\u00f3 la tarde del jueves a la <strong data-start=\"545\" data-end=\"584\">gobernadora Lorena Cu\u00e9llar Cisneros<\/strong> en la <strong data-start=\"591\" data-end=\"654\">inauguraci\u00f3n oficial de \u201cTlaxcala, la Feria de Ferias 2025\u201d<\/strong>, una de las festividades m\u00e1s importantes y representativas del estado.<\/p>\n<p style=\"text-align: justify;\" data-start=\"729\" data-end=\"966\">Con este acto, dieron inicio las actividades que se desarrollar\u00e1n <strong data-start=\"795\" data-end=\"835\">del 23 de octubre al 17 de noviembre<\/strong>, la mayor\u00eda de ellas <strong data-start=\"857\" data-end=\"870\">gratuitas<\/strong>, en honor a las tradiciones, el arte y la cultura que distinguen a Tlaxcala a nivel nacional.<\/p>\n<p style=\"text-align: justify;\" data-start=\"968\" data-end=\"1274\">Durante el evento, el alcalde <strong data-start=\"998\" data-end=\"1032\">invit\u00f3 a las y los capitalinos<\/strong> a disfrutar de la amplia <strong data-start=\"1058\" data-end=\"1122\">cartelera de espect\u00e1culos, exposiciones y eventos culturales<\/strong>, subrayando que esta feria \u201ces un espacio para celebrar nuestra identidad y nuestras ra\u00edces, y para reconocer la grandeza de Tlaxcala y de su gente\u201d.<\/p>\n<p style=\"text-align: justify;\" data-start=\"1276\" data-end=\"1548\">La inauguraci\u00f3n cont\u00f3 con la asistencia de cientos de familias tlaxcaltecas que disfrutaron de un ambiente festivo y seguro. Como parte del arranque, se llev\u00f3 a cabo con gran \u00e9xito el <strong data-start=\"1460\" data-end=\"1495\">concierto del cantante Emmanuel<\/strong>, que llen\u00f3 de emoci\u00f3n y energ\u00eda el recinto ferial.<\/p>\n<p style=\"text-align: justify;\" data-start=\"1550\" data-end=\"1744\">El Gobierno Municipal de Tlaxcala refrenda su compromiso de seguir impulsando eventos que promuevan el <strong data-start=\"1653\" data-end=\"1714\">turismo, la convivencia familiar y la proyecci\u00f3n cultural<\/strong> de la capital y del estado.<\/p>\n","protected":false},"excerpt":{"rendered":"<p>En un ambiente de alegr\u00eda, unidad y orgullo tlaxcalteca, el presidente municipal de Tlaxcala, Alfonso S\u00e1nchez Garc\u00eda, acompa\u00f1\u00f3 la tarde del jueves a la gobernadora Lorena Cu\u00e9llar Cisneros en la inauguraci\u00f3n oficial de \u201cTlaxcala, la Feria de Ferias 2025\u201d, una de las festividades m\u00e1s importantes y representativas del estado. Con este acto, dieron inicio las [&hellip;]<\/p>\n","protected":false},"author":3,"featured_media":52201,"comment_status":"open","ping_status":"open","sticky":false,"template":"","format":"standard","meta":{"footnotes":""},"categories":[216,214],"tags":[],"class_list":["post-52197","post","type-post","status-publish","format-standard","has-post-thumbnail","hentry","category-municipios","category-tlaxcala-capital"],"amp_enabled":true,"_links":{"self":[{"href":"https:\/\/labestiapolitica.com.mx\/index.php?rest_route=\/wp\/v2\/posts\/52197","targetHints":{"allow":["GET"]}}],"collection":[{"href":"https:\/\/labestiapolitica.com.mx\/index.php?rest_route=\/wp\/v2\/posts"}],"about":[{"href":"https:\/\/labestiapolitica.com.mx\/index.php?rest_route=\/wp\/v2\/types\/post"}],"author":[{"embeddable":true,"href":"https:\/\/labestiapolitica.com.mx\/index.php?rest_route=\/wp\/v2\/users\/3"}],"replies":[{"embeddable":true,"href":"https:\/\/labestiapolitica.com.mx\/index.php?rest_route=%2Fwp%2Fv2%2Fcomments&post=52197"}],"version-history":[{"count":2,"href":"https:\/\/labestiapolitica.com.mx\/index.php?rest_route=\/wp\/v2\/posts\/52197\/revisions"}],"predecessor-version":[{"id":52203,"href":"https:\/\/labestiapolitica.com.mx\/index.php?rest_route=\/wp\/v2\/posts\/52197\/revisions\/52203"}],"wp:featuredmedia":[{"embeddable":true,"href":"https:\/\/labestiapolitica.com.mx\/index.php?rest_route=\/wp\/v2\/media\/52201"}],"wp:attachment":[{"href":"https:\/\/labestiapolitica.com.mx\/index.php?rest_route=%2Fwp%2Fv2%2Fmedia&parent=52197"}],"wp:term":[{"taxonomy":"category","embeddable":true,"href":"https:\/\/labestiapolitica.com.mx\/index.php?rest_route=%2Fwp%2Fv2%2Fcategories&post=52197"},{"taxonomy":"post_tag","embeddable":true,"href":"https:\/\/labestiapolitica.com.mx\/index.php?rest_route=%2Fwp%2Fv2%2Ftags&post=52197"}],"curies":[{"name":"wp","href":"https:\/\/api.w.org\/{rel}","templated":true}]}}