{"id":52200,"date":"2025-10-24T18:42:37","date_gmt":"2025-10-25T00:42:37","guid":{"rendered":"https:\/\/labestiapolitica.com.mx\/?p=52200"},"modified":"2025-10-24T18:42:37","modified_gmt":"2025-10-25T00:42:37","slug":"panotla-vivira-sus-tradiciones-del-dia-de-muertos-con-orgullo-y-color","status":"publish","type":"post","link":"https:\/\/labestiapolitica.com.mx\/?p=52200","title":{"rendered":"Panotla vivir\u00e1 sus tradiciones del D\u00eda de Muertos con orgullo y color."},"content":{"rendered":"<p style=\"text-align: justify;\">El Ayuntamiento de Panotla, a trav\u00e9s de la Direcci\u00f3n de Educaci\u00f3n, Cultura y Turismo, invita a toda la ciudadan\u00eda a disfrutar de la cartelera de actividades que se han preparado con motivo del D\u00eda de Muertos 2025. Estas acciones buscan mantener vivas las tradiciones que nos identifican y fortalecer el sentido de comunidad entre las familias panotlenses.<\/p>\n<p style=\"text-align: justify;\">Las festividades dar\u00e1n inicio el mi\u00e9rcoles 29 de octubre con el Concurso de Ofrendas a las 11:30 a.m., donde se reconocer\u00e1 la creatividad y el respeto hacia una de las costumbres m\u00e1s significativas de nuestra cultura. Continuar\u00e1n el jueves 30 de octubre con el Desfile de D\u00eda de Muertos a las 6:30 p.m., que llenar\u00e1 las calles de color, m\u00fasica y tradici\u00f3n. Finalmente, el viernes 31 de octubre, se llevar\u00e1 a cabo el Concurso de Catrinas a las 6:00 p.m., una actividad que celebra el arte y la identidad mexicana.<\/p>\n<p style=\"text-align: justify;\">Estas actividades representan un espacio de encuentro para las y los habitantes de Panotla, donde se fomenta la creatividad, la participaci\u00f3n y el orgullo por nuestras ra\u00edces. Cada evento est\u00e1 pensado para que las familias disfruten, aprendan y compartan el valor de nuestras tradiciones.<\/p>\n<p style=\"text-align: justify;\">El Ayuntamiento de Panotla reitera su compromiso con la promoci\u00f3n cultural, el rescate de las costumbres y la preservaci\u00f3n de la identidad de nuestro municipio. A trav\u00e9s de estas celebraciones, Panotla se llena de vida, color y memoria, recordando que honrar a quienes nos precedieron es tambi\u00e9n celebrar la historia que nos une.<\/p>\n<p>&nbsp;<\/p>\n<p><img loading=\"lazy\" decoding=\"async\" class=\"alignnone size-full wp-image-28405\" src=\"https:\/\/labestiapolitica.com.mx\/wp-content\/uploads\/2024\/06\/U-NOVA-y-se-diferente.png\" alt=\"\" width=\"1000\" height=\"600\" srcset=\"https:\/\/labestiapolitica.com.mx\/wp-content\/uploads\/2024\/06\/U-NOVA-y-se-diferente.png 1000w, https:\/\/labestiapolitica.com.mx\/wp-content\/uploads\/2024\/06\/U-NOVA-y-se-diferente-300x180.png 300w, https:\/\/labestiapolitica.com.mx\/wp-content\/uploads\/2024\/06\/U-NOVA-y-se-diferente-768x461.png 768w\" sizes=\"auto, (max-width: 1000px) 100vw, 1000px\" \/><\/p>\n","protected":false},"excerpt":{"rendered":"<p>El Ayuntamiento de Panotla, a trav\u00e9s de la Direcci\u00f3n de Educaci\u00f3n, Cultura y Turismo, invita a toda la ciudadan\u00eda a disfrutar de la cartelera de actividades que se han preparado con motivo del D\u00eda de Muertos 2025. Estas acciones buscan mantener vivas las tradiciones que nos identifican y fortalecer el sentido de comunidad entre las [&hellip;]<\/p>\n","protected":false},"author":3,"featured_media":52204,"comment_status":"open","ping_status":"open","sticky":false,"template":"","format":"standard","meta":{"footnotes":""},"categories":[7,216,237],"tags":[],"class_list":["post-52200","post","type-post","status-publish","format-standard","has-post-thumbnail","hentry","category-ciudadanos","category-municipios","category-panotla"],"amp_enabled":true,"_links":{"self":[{"href":"https:\/\/labestiapolitica.com.mx\/index.php?rest_route=\/wp\/v2\/posts\/52200","targetHints":{"allow":["GET"]}}],"collection":[{"href":"https:\/\/labestiapolitica.com.mx\/index.php?rest_route=\/wp\/v2\/posts"}],"about":[{"href":"https:\/\/labestiapolitica.com.mx\/index.php?rest_route=\/wp\/v2\/types\/post"}],"author":[{"embeddable":true,"href":"https:\/\/labestiapolitica.com.mx\/index.php?rest_route=\/wp\/v2\/users\/3"}],"replies":[{"embeddable":true,"href":"https:\/\/labestiapolitica.com.mx\/index.php?rest_route=%2Fwp%2Fv2%2Fcomments&post=52200"}],"version-history":[{"count":1,"href":"https:\/\/labestiapolitica.com.mx\/index.php?rest_route=\/wp\/v2\/posts\/52200\/revisions"}],"predecessor-version":[{"id":52205,"href":"https:\/\/labestiapolitica.com.mx\/index.php?rest_route=\/wp\/v2\/posts\/52200\/revisions\/52205"}],"wp:featuredmedia":[{"embeddable":true,"href":"https:\/\/labestiapolitica.com.mx\/index.php?rest_route=\/wp\/v2\/media\/52204"}],"wp:attachment":[{"href":"https:\/\/labestiapolitica.com.mx\/index.php?rest_route=%2Fwp%2Fv2%2Fmedia&parent=52200"}],"wp:term":[{"taxonomy":"category","embeddable":true,"href":"https:\/\/labestiapolitica.com.mx\/index.php?rest_route=%2Fwp%2Fv2%2Fcategories&post=52200"},{"taxonomy":"post_tag","embeddable":true,"href":"https:\/\/labestiapolitica.com.mx\/index.php?rest_route=%2Fwp%2Fv2%2Ftags&post=52200"}],"curies":[{"name":"wp","href":"https:\/\/api.w.org\/{rel}","templated":true}]}}