{"id":52715,"date":"2025-10-31T14:54:19","date_gmt":"2025-10-31T20:54:19","guid":{"rendered":"https:\/\/labestiapolitica.com.mx\/?p=52715"},"modified":"2025-10-31T15:31:00","modified_gmt":"2025-10-31T21:31:00","slug":"morena-tlaxcala-honra-la-memoria-de-los-luchadores-sociales-con-ofrenda-de-dia-de-muertos","status":"publish","type":"post","link":"https:\/\/labestiapolitica.com.mx\/?p=52715","title":{"rendered":"Morena Tlaxcala honra la memoria de los luchadores sociales con ofrenda de D\u00eda de Muertos"},"content":{"rendered":"<p data-start=\"97\" data-end=\"426\"><em data-start=\"97\" data-end=\"115\">Tlaxcala, Tlax.\u2014<\/em> En el marco de las celebraciones del D\u00eda de Muertos, la presidenta del Comit\u00e9 Ejecutivo Estatal de Morena, <strong data-start=\"223\" data-end=\"243\">Marcela Gonz\u00e1lez<\/strong>, encabez\u00f3 la colocaci\u00f3n de una ofrenda en las instalaciones del partido, acompa\u00f1ada por la secretaria de J\u00f3venes, <strong data-start=\"358\" data-end=\"383\">Ximena Mart\u00ednez Zecua<\/strong>, y militantes de distintas generaciones.<\/p>\n<p data-start=\"428\" data-end=\"796\">El altar fue dedicado a las y los <strong data-start=\"462\" data-end=\"485\">luchadores sociales<\/strong> que entregaron su vida por construir un M\u00e9xico m\u00e1s justo, libre y con esperanza. Entre flores de cempas\u00fachil, veladoras y fotograf\u00edas, la ceremonia se convirti\u00f3 en un espacio de <strong data-start=\"664\" data-end=\"695\">reflexi\u00f3n, memoria y unidad<\/strong>, donde se destac\u00f3 el valor de mantener vivas las tradiciones que dan identidad al pueblo mexicano.<\/p>\n<p data-start=\"798\" data-end=\"950\">Marcela Gonz\u00e1lez se\u00f1al\u00f3 que este tipo de actos son una manera de expresar el <strong data-start=\"875\" data-end=\"906\">sentido humanista de Morena<\/strong> y su compromiso con la historia del pa\u00eds.<\/p>\n<blockquote data-start=\"951\" data-end=\"1120\">\n<p data-start=\"953\" data-end=\"1120\">\u201cRecordar a quienes nos precedieron es una forma de mantener viva la esperanza y de seguir construyendo, desde nuestras ra\u00edces, un mejor futuro para M\u00e9xico\u201d, afirm\u00f3.<\/p>\n<\/blockquote>\n<p data-start=\"1122\" data-end=\"1286\">Por su parte, Ximena Mart\u00ednez resalt\u00f3 la participaci\u00f3n de la juventud morenista en la preservaci\u00f3n de las costumbres y el fortalecimiento del sentido comunitario.<\/p>\n<p data-start=\"1288\" data-end=\"1498\">Con este homenaje, <strong data-start=\"1307\" data-end=\"1326\">Morena Tlaxcala<\/strong> reafirma su compromiso con la <strong data-start=\"1357\" data-end=\"1378\">memoria hist\u00f3rica<\/strong>, la <strong data-start=\"1383\" data-end=\"1395\">juventud<\/strong> y la <strong data-start=\"1401\" data-end=\"1423\">identidad cultural<\/strong> que distingue al movimiento, uniendo la tradici\u00f3n con la transformaci\u00f3n.<\/p>\n","protected":false},"excerpt":{"rendered":"<p>Tlaxcala, Tlax.\u2014 En el marco de las celebraciones del D\u00eda de Muertos, la presidenta del Comit\u00e9 Ejecutivo Estatal de Morena, Marcela Gonz\u00e1lez, encabez\u00f3 la colocaci\u00f3n de una ofrenda en las instalaciones del partido, acompa\u00f1ada por la secretaria de J\u00f3venes, Ximena Mart\u00ednez Zecua, y militantes de distintas generaciones. El altar fue dedicado a las y los [&hellip;]<\/p>\n","protected":false},"author":3,"featured_media":52717,"comment_status":"open","ping_status":"open","sticky":false,"template":"","format":"standard","meta":{"footnotes":""},"categories":[249,247],"tags":[],"class_list":["post-52715","post","type-post","status-publish","format-standard","has-post-thumbnail","hentry","category-morena","category-politica"],"amp_enabled":true,"_links":{"self":[{"href":"https:\/\/labestiapolitica.com.mx\/index.php?rest_route=\/wp\/v2\/posts\/52715","targetHints":{"allow":["GET"]}}],"collection":[{"href":"https:\/\/labestiapolitica.com.mx\/index.php?rest_route=\/wp\/v2\/posts"}],"about":[{"href":"https:\/\/labestiapolitica.com.mx\/index.php?rest_route=\/wp\/v2\/types\/post"}],"author":[{"embeddable":true,"href":"https:\/\/labestiapolitica.com.mx\/index.php?rest_route=\/wp\/v2\/users\/3"}],"replies":[{"embeddable":true,"href":"https:\/\/labestiapolitica.com.mx\/index.php?rest_route=%2Fwp%2Fv2%2Fcomments&post=52715"}],"version-history":[{"count":1,"href":"https:\/\/labestiapolitica.com.mx\/index.php?rest_route=\/wp\/v2\/posts\/52715\/revisions"}],"predecessor-version":[{"id":52716,"href":"https:\/\/labestiapolitica.com.mx\/index.php?rest_route=\/wp\/v2\/posts\/52715\/revisions\/52716"}],"wp:featuredmedia":[{"embeddable":true,"href":"https:\/\/labestiapolitica.com.mx\/index.php?rest_route=\/wp\/v2\/media\/52717"}],"wp:attachment":[{"href":"https:\/\/labestiapolitica.com.mx\/index.php?rest_route=%2Fwp%2Fv2%2Fmedia&parent=52715"}],"wp:term":[{"taxonomy":"category","embeddable":true,"href":"https:\/\/labestiapolitica.com.mx\/index.php?rest_route=%2Fwp%2Fv2%2Fcategories&post=52715"},{"taxonomy":"post_tag","embeddable":true,"href":"https:\/\/labestiapolitica.com.mx\/index.php?rest_route=%2Fwp%2Fv2%2Ftags&post=52715"}],"curies":[{"name":"wp","href":"https:\/\/api.w.org\/{rel}","templated":true}]}}