{"id":52718,"date":"2025-10-31T15:43:10","date_gmt":"2025-10-31T21:43:10","guid":{"rendered":"https:\/\/labestiapolitica.com.mx\/?p=52718"},"modified":"2025-10-31T15:43:36","modified_gmt":"2025-10-31T21:43:36","slug":"laura-flores-encabeza-inauguracion-del-foro-el-arte-de-vivir-en-equilibrio-por-el-mes-rosa","status":"publish","type":"post","link":"https:\/\/labestiapolitica.com.mx\/?p=52718","title":{"rendered":"Laura Flores encabeza inauguraci\u00f3n del foro \u201cEl Arte de Vivir en Equilibrio\u201d por el Mes Rosa"},"content":{"rendered":"<p style=\"text-align: justify;\" data-start=\"1079\" data-end=\"1380\">La diputada <strong data-start=\"1091\" data-end=\"1114\">Laura Flores Lozano<\/strong> particip\u00f3 en la inauguraci\u00f3n del foro <em data-start=\"1153\" data-end=\"1187\">\u201cEl Arte de Vivir en Equilibrio\u201d<\/em>, evento que se desarroll\u00f3 con motivo del <strong data-start=\"1229\" data-end=\"1241\">Mes Rosa<\/strong> y que tuvo como prop\u00f3sito promover la prevenci\u00f3n del c\u00e1ncer de mama, as\u00ed como la importancia de cuidar la salud integral de las mujeres.<\/p>\n<p style=\"text-align: justify;\" data-start=\"1382\" data-end=\"1598\">En su mensaje inaugural, la legisladora destac\u00f3 la necesidad de fortalecer los espacios de encuentro que impulsen la <strong data-start=\"1499\" data-end=\"1548\">conciencia, la prevenci\u00f3n y el acompa\u00f1amiento<\/strong> para las mujeres que enfrentan esta enfermedad.<\/p>\n<p style=\"text-align: justify;\" data-start=\"1600\" data-end=\"1810\">Durante el evento, la diputada fue testigo de la <strong data-start=\"1649\" data-end=\"1705\">entrega de un cheque simb\u00f3lico al Banco de Alimentos<\/strong>, acci\u00f3n que refrenda el compromiso de las instituciones con el bienestar de las familias tlaxcaltecas.<\/p>\n<p style=\"text-align: justify;\" data-start=\"1812\" data-end=\"2102\">Asimismo, Flores Lozano reconoci\u00f3 el trabajo del <strong data-start=\"1861\" data-end=\"1886\">Consejo General AMeXE<\/strong> y de las licenciadas <strong data-start=\"1908\" data-end=\"1979\">Vianey Castillo, Rosario Cabrera, Elizabeth P\u00e9rez y Esmeralda P\u00e9rez<\/strong>, quienes impulsaron la realizaci\u00f3n de este foro, al que calific\u00f3 como un ejemplo de empat\u00eda, colaboraci\u00f3n y solidaridad.<\/p>\n<p style=\"text-align: justify;\" data-start=\"2104\" data-end=\"2153\" data-is-last-node=\"\" data-is-only-node=\"\">#LaBestiaPoliticaCongresoLocal<br data-start=\"2134\" data-end=\"2137\" \/>@LauraFloresTlax<\/p>\n","protected":false},"excerpt":{"rendered":"<p>La diputada Laura Flores Lozano particip\u00f3 en la inauguraci\u00f3n del foro \u201cEl Arte de Vivir en Equilibrio\u201d, evento que se desarroll\u00f3 con motivo del Mes Rosa y que tuvo como prop\u00f3sito promover la prevenci\u00f3n del c\u00e1ncer de mama, as\u00ed como la importancia de cuidar la salud integral de las mujeres. En su mensaje inaugural, la [&hellip;]<\/p>\n","protected":false},"author":3,"featured_media":52719,"comment_status":"open","ping_status":"open","sticky":false,"template":"","format":"standard","meta":{"footnotes":""},"categories":[224,247,251],"tags":[],"class_list":["post-52718","post","type-post","status-publish","format-standard","has-post-thumbnail","hentry","category-congreso-del-estado-de-tlaxcala","category-politica","category-prd"],"amp_enabled":true,"_links":{"self":[{"href":"https:\/\/labestiapolitica.com.mx\/index.php?rest_route=\/wp\/v2\/posts\/52718","targetHints":{"allow":["GET"]}}],"collection":[{"href":"https:\/\/labestiapolitica.com.mx\/index.php?rest_route=\/wp\/v2\/posts"}],"about":[{"href":"https:\/\/labestiapolitica.com.mx\/index.php?rest_route=\/wp\/v2\/types\/post"}],"author":[{"embeddable":true,"href":"https:\/\/labestiapolitica.com.mx\/index.php?rest_route=\/wp\/v2\/users\/3"}],"replies":[{"embeddable":true,"href":"https:\/\/labestiapolitica.com.mx\/index.php?rest_route=%2Fwp%2Fv2%2Fcomments&post=52718"}],"version-history":[{"count":1,"href":"https:\/\/labestiapolitica.com.mx\/index.php?rest_route=\/wp\/v2\/posts\/52718\/revisions"}],"predecessor-version":[{"id":52720,"href":"https:\/\/labestiapolitica.com.mx\/index.php?rest_route=\/wp\/v2\/posts\/52718\/revisions\/52720"}],"wp:featuredmedia":[{"embeddable":true,"href":"https:\/\/labestiapolitica.com.mx\/index.php?rest_route=\/wp\/v2\/media\/52719"}],"wp:attachment":[{"href":"https:\/\/labestiapolitica.com.mx\/index.php?rest_route=%2Fwp%2Fv2%2Fmedia&parent=52718"}],"wp:term":[{"taxonomy":"category","embeddable":true,"href":"https:\/\/labestiapolitica.com.mx\/index.php?rest_route=%2Fwp%2Fv2%2Fcategories&post=52718"},{"taxonomy":"post_tag","embeddable":true,"href":"https:\/\/labestiapolitica.com.mx\/index.php?rest_route=%2Fwp%2Fv2%2Ftags&post=52718"}],"curies":[{"name":"wp","href":"https:\/\/api.w.org\/{rel}","templated":true}]}}