{"id":53030,"date":"2025-11-05T10:02:00","date_gmt":"2025-11-05T16:02:00","guid":{"rendered":"https:\/\/labestiapolitica.com.mx\/?p=53030"},"modified":"2025-11-05T16:25:58","modified_gmt":"2025-11-05T22:25:58","slug":"%f0%9f%93%8aciudadania-tlaxcalteca-relaciona-asesinato-del-alcalde-de-uruapan-con-la-corrupcion-politica-y-el-crimen-organizado%e2%9a%a0%ef%b8%8f","status":"publish","type":"post","link":"https:\/\/labestiapolitica.com.mx\/?p=53030","title":{"rendered":"\ud83d\udccaCiudadan\u00eda tlaxcalteca relaciona asesinato del alcalde de Uruapan con la corrupci\u00f3n pol\u00edtica y el crimen organizado\u26a0\ufe0f"},"content":{"rendered":"<p style=\"text-align: justify;\" data-start=\"123\" data-end=\"394\">Gabriela Aranda\/ Tras el atentado que cobr\u00f3 la vida del alcalde de Uruapan, Michoac\u00e1n, Carlos Manzo Rodr\u00edguez, la percepci\u00f3n ciudadana en Tlaxcala refleja una profunda preocupaci\u00f3n por el clima de inseguridad y la vulnerabilidad de las autoridades locales frente a la violencia.<\/p>\n<p style=\"text-align: justify;\" data-start=\"396\" data-end=\"891\">De acuerdo con una encuesta telef\u00f3nica de la empresa Impulso Mercadol\u00f3gico aplicada a hombres y mujeres de entre 18 y 60 a\u00f1os residentes en distintos municipios del estado, el 59.15% de los consultados considera que el asesinato de un alcalde en M\u00e9xico tiene como causa principal la corrupci\u00f3n pol\u00edtica, mientras que el 32.39% lo atribuye a conflictos con el crimen organizado. En menor medida, un 2.82% cree que puede tratarse de una venganza personal, y un 5.63% dijo desconocer las razones.<\/p>\n<p data-start=\"396\" data-end=\"891\"><img loading=\"lazy\" decoding=\"async\" class=\"alignnone size-full wp-image-53032\" src=\"https:\/\/labestiapolitica.com.mx\/wp-content\/uploads\/2025\/11\/Imagen1.png\" alt=\"\" width=\"627\" height=\"472\" srcset=\"https:\/\/labestiapolitica.com.mx\/wp-content\/uploads\/2025\/11\/Imagen1.png 627w, https:\/\/labestiapolitica.com.mx\/wp-content\/uploads\/2025\/11\/Imagen1-300x226.png 300w\" sizes=\"auto, (max-width: 627px) 100vw, 627px\" \/><\/p>\n<p style=\"text-align: justify;\" data-start=\"893\" data-end=\"1345\">La percepci\u00f3n sobre la seguridad en Tlaxcala tambi\u00e9n revela un sentimiento de inquietud entre la poblaci\u00f3n. Ante la pregunta <em data-start=\"1022\" data-end=\"1095\">\u201c\u00bfQu\u00e9 tan seguro se siente usted actualmente en el estado de Tlaxcala?\u201d<\/em>, solo un 8.96% respondi\u00f3 sentirse muy seguro(a), y un 13.43% algo seguro(a). En contraste, el 38.81% indic\u00f3 sentirse poco seguro(a) y el 37.31% nada seguro(a), mientras que un porcentaje menor prefiri\u00f3 no responder.<\/p>\n<p data-start=\"893\" data-end=\"1345\"><img loading=\"lazy\" decoding=\"async\" class=\"alignnone size-full wp-image-53033\" src=\"https:\/\/labestiapolitica.com.mx\/wp-content\/uploads\/2025\/11\/Imagen2.png\" alt=\"\" width=\"620\" height=\"474\" srcset=\"https:\/\/labestiapolitica.com.mx\/wp-content\/uploads\/2025\/11\/Imagen2.png 620w, https:\/\/labestiapolitica.com.mx\/wp-content\/uploads\/2025\/11\/Imagen2-300x229.png 300w\" sizes=\"auto, (max-width: 620px) 100vw, 620px\" \/><\/p>\n<p style=\"text-align: justify;\" data-start=\"1347\" data-end=\"1566\">Estos resultados reflejan un incremento en la percepci\u00f3n de riesgo y una creciente desconfianza hacia las instituciones encargadas de la seguridad, derivada de los hechos de violencia que han sacudido al pa\u00eds.<\/p>\n<p style=\"text-align: justify;\" data-start=\"1568\" data-end=\"1813\">Para gran parte de la ciudadan\u00eda tlaxcalteca, el caso de Carlos Manzo no solo representa un ataque a una autoridad local, sino tambi\u00e9n un s\u00edmbolo del deterioro de la seguridad p\u00fablica y la fragilidad del Estado frente al crimen organizado.<\/p>\n<p data-start=\"1568\" data-end=\"1813\">\n","protected":false},"excerpt":{"rendered":"<p>Gabriela Aranda\/ Tras el atentado que cobr\u00f3 la vida del alcalde de Uruapan, Michoac\u00e1n, Carlos Manzo Rodr\u00edguez, la percepci\u00f3n ciudadana en Tlaxcala refleja una profunda preocupaci\u00f3n por el clima de inseguridad y la vulnerabilidad de las autoridades locales frente a la violencia. De acuerdo con una encuesta telef\u00f3nica de la empresa Impulso Mercadol\u00f3gico aplicada a [&hellip;]<\/p>\n","protected":false},"author":3,"featured_media":53031,"comment_status":"open","ping_status":"open","sticky":false,"template":"","format":"standard","meta":{"footnotes":""},"categories":[7],"tags":[],"class_list":["post-53030","post","type-post","status-publish","format-standard","has-post-thumbnail","hentry","category-ciudadanos"],"amp_enabled":true,"_links":{"self":[{"href":"https:\/\/labestiapolitica.com.mx\/index.php?rest_route=\/wp\/v2\/posts\/53030","targetHints":{"allow":["GET"]}}],"collection":[{"href":"https:\/\/labestiapolitica.com.mx\/index.php?rest_route=\/wp\/v2\/posts"}],"about":[{"href":"https:\/\/labestiapolitica.com.mx\/index.php?rest_route=\/wp\/v2\/types\/post"}],"author":[{"embeddable":true,"href":"https:\/\/labestiapolitica.com.mx\/index.php?rest_route=\/wp\/v2\/users\/3"}],"replies":[{"embeddable":true,"href":"https:\/\/labestiapolitica.com.mx\/index.php?rest_route=%2Fwp%2Fv2%2Fcomments&post=53030"}],"version-history":[{"count":4,"href":"https:\/\/labestiapolitica.com.mx\/index.php?rest_route=\/wp\/v2\/posts\/53030\/revisions"}],"predecessor-version":[{"id":53081,"href":"https:\/\/labestiapolitica.com.mx\/index.php?rest_route=\/wp\/v2\/posts\/53030\/revisions\/53081"}],"wp:featuredmedia":[{"embeddable":true,"href":"https:\/\/labestiapolitica.com.mx\/index.php?rest_route=\/wp\/v2\/media\/53031"}],"wp:attachment":[{"href":"https:\/\/labestiapolitica.com.mx\/index.php?rest_route=%2Fwp%2Fv2%2Fmedia&parent=53030"}],"wp:term":[{"taxonomy":"category","embeddable":true,"href":"https:\/\/labestiapolitica.com.mx\/index.php?rest_route=%2Fwp%2Fv2%2Fcategories&post=53030"},{"taxonomy":"post_tag","embeddable":true,"href":"https:\/\/labestiapolitica.com.mx\/index.php?rest_route=%2Fwp%2Fv2%2Ftags&post=53030"}],"curies":[{"name":"wp","href":"https:\/\/api.w.org\/{rel}","templated":true}]}}