{"id":53042,"date":"2025-11-05T13:12:09","date_gmt":"2025-11-05T19:12:09","guid":{"rendered":"https:\/\/labestiapolitica.com.mx\/?p=53042"},"modified":"2025-11-06T08:59:22","modified_gmt":"2025-11-06T14:59:22","slug":"niegan-ecocidio-en-rehabilitacion-del-parque-de-la-juventud-se-respetaran-manifestaciones","status":"publish","type":"post","link":"https:\/\/labestiapolitica.com.mx\/?p=53042","title":{"rendered":"Niegan \u201cecocidio\u201d en rehabilitaci\u00f3n del Parque de la Juventud; se respetar\u00e1n manifestaciones"},"content":{"rendered":"<p style=\"text-align: justify;\">El gobierno del estado de Tlaxcala, a trav\u00e9s de su coordinador de comunicaci\u00f3n, Antonio Mart\u00ednez Vel\u00e1zquez, se pronunci\u00f3 respecto a las acusaciones de grupos de ciudadanos que califican la rehabilitaci\u00f3n del Parque de la Juventud como un \u00abecocidio\u00bb debido a la tala de \u00e1rboles.<\/p>\n<p style=\"text-align: justify;\">En sus declaraciones emitidas en el \u201cDi\u00e1logo circular\u201d Mart\u00ednez Vel\u00e1zquez reconoci\u00f3 y respet\u00f3 el derecho de la ciudadan\u00eda a la libre manifestaci\u00f3n, pero aclar\u00f3 que la informaci\u00f3n que se ha manejado sobre el derribo de cientos de \u00e1rboles es incorrecta. \u00abEste proyecto nunca ha contemplado el derribo de quinientos \u00e1rboles, por ejemplo. Ni de mil, ahora ya lo suman cada vez\u00bb, afirm\u00f3.<\/p>\n<p style=\"text-align: justify;\">El funcionario estatal destac\u00f3 que se han sostenido diversos di\u00e1logos con los grupos inconformes, aunque lament\u00f3 que en ocasiones no se transmita la informaci\u00f3n correcta al p\u00fablico. Para contrarrestar la desinformaci\u00f3n, el gobierno ha dise\u00f1ado una campa\u00f1a informativa que incluye una p\u00e1gina web donde la poblaci\u00f3n puede consultar los detalles del proyecto.<\/p>\n<p style=\"text-align: justify;\">Asimismo, desminti\u00f3 que la consulta ciudadana sobre el parque se haya realizado exclusivamente en TikTok, aclarando que la plataforma se utiliz\u00f3 para anunciar los resultados de un proceso de participaci\u00f3n que se llev\u00f3 a cabo de manera presencial en el propio parque.<\/p>\n<p style=\"text-align: justify;\">Mart\u00ednez Vel\u00e1zquez subray\u00f3 la importancia del di\u00e1logo y la transparencia en la comunicaci\u00f3n, se\u00f1alando que el gobierno tiene la obligaci\u00f3n de escuchar a la ciudadan\u00eda y llegar a acuerdos que permitan avanzar en proyectos de beneficio com\u00fan.<\/p>\n<p style=\"text-align: justify;\">Finalmente, reiter\u00f3 que el gobierno continuar\u00e1 con el di\u00e1logo en las instancias correspondientes, respetando el derecho a la protesta, pero insistiendo en la importancia de basar la discusi\u00f3n en informaci\u00f3n veraz y clara sobre el alcance real del proyecto.<\/p>\n","protected":false},"excerpt":{"rendered":"<p>El gobierno del estado de Tlaxcala, a trav\u00e9s de su coordinador de comunicaci\u00f3n, Antonio Mart\u00ednez Vel\u00e1zquez, se pronunci\u00f3 respecto a las acusaciones de grupos de ciudadanos que califican la rehabilitaci\u00f3n del Parque de la Juventud como un \u00abecocidio\u00bb debido a la tala de \u00e1rboles. En sus declaraciones emitidas en el \u201cDi\u00e1logo circular\u201d Mart\u00ednez Vel\u00e1zquez reconoci\u00f3 [&hellip;]<\/p>\n","protected":false},"author":6,"featured_media":53043,"comment_status":"open","ping_status":"open","sticky":false,"template":"","format":"standard","meta":{"footnotes":""},"categories":[7],"tags":[],"class_list":["post-53042","post","type-post","status-publish","format-standard","has-post-thumbnail","hentry","category-ciudadanos"],"amp_enabled":true,"_links":{"self":[{"href":"https:\/\/labestiapolitica.com.mx\/index.php?rest_route=\/wp\/v2\/posts\/53042","targetHints":{"allow":["GET"]}}],"collection":[{"href":"https:\/\/labestiapolitica.com.mx\/index.php?rest_route=\/wp\/v2\/posts"}],"about":[{"href":"https:\/\/labestiapolitica.com.mx\/index.php?rest_route=\/wp\/v2\/types\/post"}],"author":[{"embeddable":true,"href":"https:\/\/labestiapolitica.com.mx\/index.php?rest_route=\/wp\/v2\/users\/6"}],"replies":[{"embeddable":true,"href":"https:\/\/labestiapolitica.com.mx\/index.php?rest_route=%2Fwp%2Fv2%2Fcomments&post=53042"}],"version-history":[{"count":2,"href":"https:\/\/labestiapolitica.com.mx\/index.php?rest_route=\/wp\/v2\/posts\/53042\/revisions"}],"predecessor-version":[{"id":53050,"href":"https:\/\/labestiapolitica.com.mx\/index.php?rest_route=\/wp\/v2\/posts\/53042\/revisions\/53050"}],"wp:featuredmedia":[{"embeddable":true,"href":"https:\/\/labestiapolitica.com.mx\/index.php?rest_route=\/wp\/v2\/media\/53043"}],"wp:attachment":[{"href":"https:\/\/labestiapolitica.com.mx\/index.php?rest_route=%2Fwp%2Fv2%2Fmedia&parent=53042"}],"wp:term":[{"taxonomy":"category","embeddable":true,"href":"https:\/\/labestiapolitica.com.mx\/index.php?rest_route=%2Fwp%2Fv2%2Fcategories&post=53042"},{"taxonomy":"post_tag","embeddable":true,"href":"https:\/\/labestiapolitica.com.mx\/index.php?rest_route=%2Fwp%2Fv2%2Ftags&post=53042"}],"curies":[{"name":"wp","href":"https:\/\/api.w.org\/{rel}","templated":true}]}}