{"id":53087,"date":"2025-11-05T16:49:58","date_gmt":"2025-11-05T22:49:58","guid":{"rendered":"https:\/\/labestiapolitica.com.mx\/?p=53087"},"modified":"2025-11-05T16:49:58","modified_gmt":"2025-11-05T22:49:58","slug":"la-licenciatura-en-diseno-automotriz-representa-un-motor-de-transformacion-regional-rector-de-la-uatx","status":"publish","type":"post","link":"https:\/\/labestiapolitica.com.mx\/?p=53087","title":{"rendered":"La Licenciatura en Dise\u00f1o Automotriz representa un motor de transformaci\u00f3n regional: Rector de la UATx."},"content":{"rendered":"<ul>\n<li style=\"font-weight: 400; text-align: justify;\">Inaugur\u00f3 Primer Coloquio de la Licenciatura en Dise\u00f1o Automotriz: Visi\u00f3n hacia el futuro automotriz<\/li>\n<\/ul>\n<p style=\"font-weight: 400; text-align: justify;\">El v\u00ednculo entre la Universidad y el sector automotriz ser\u00e1 clave para construir un porvenir din\u00e1mico, competitivo y lleno de posibilidades para Tlaxcala y el pa\u00eds, afirm\u00f3 el Doctor Seraf\u00edn Ortiz Ortiz, Rector de la Universidad Aut\u00f3noma de Tlaxcala (UATx), \u00a0al inaugurar el\u00a0\ud835\udc0f\ud835\udc2b\ud835\udc22\ud835\udc26\ud835\udc1e\ud835\udc2b\u00a0\ud835\udc02\ud835\udc28\ud835\udc25\ud835\udc28\ud835\udc2a\ud835\udc2e\ud835\udc22\ud835\udc28\u00a0\ud835\udc1d\ud835\udc1e\u00a0\ud835\udc25\ud835\udc1a\u00a0\ud835\udc0b\ud835\udc22\ud835\udc1c\ud835\udc1e\ud835\udc27\ud835\udc1c\ud835\udc22\ud835\udc1a\ud835\udc2d\ud835\udc2e\ud835\udc2b\ud835\udc1a\u00a0\ud835\udc1e\ud835\udc27\u00a0\ud835\udc03\ud835\udc22\ud835\udc2c\ud835\udc1e\ud835\udc27\u0303\ud835\udc28\u00a0\ud835\udc00\ud835\udc2e\ud835\udc2d\ud835\udc28\ud835\udc26\ud835\udc28\ud835\udc2d\ud835\udc2b\ud835\udc22\ud835\udc33:\u00a0\ud835\udc15\ud835\udc22\ud835\udc2c\ud835\udc22\ud835\udc28\u0301\ud835\udc27\u00a0\ud835\udc21\ud835\udc1a\ud835\udc1c\ud835\udc22\ud835\udc1a\u00a0\ud835\udc1e\ud835\udc25\u00a0\ud835\udc1f\ud835\udc2e\ud835\udc2d\ud835\udc2e\ud835\udc2b\ud835\udc28\u00a0\ud835\udc1a\ud835\udc2e\ud835\udc2d\ud835\udc28\ud835\udc26\ud835\udc28\ud835\udc2d\ud835\udc2b\ud835\udc22\ud835\udc33, celebrado en el Auditorio de Movilidad e Intercambio Acad\u00e9mico.<\/p>\n<p style=\"font-weight: 400; text-align: justify;\">Durante su mensaje, el Rector destac\u00f3 que este programa educativo representa un motor de transformaci\u00f3n regional al generar innovaci\u00f3n, talento y desarrollo. Subray\u00f3 que la propuesta acad\u00e9mica fortalece la formaci\u00f3n profesional de los estudiantes y abre nuevas oportunidades de vinculaci\u00f3n estrat\u00e9gica con la industria automotriz, aprovechando la ubicaci\u00f3n privilegiada y el entorno productivo del estado.<\/p>\n<p style=\"font-weight: 400; text-align: justify;\">Adem\u00e1s, el Doctor Ortiz agreg\u00f3 que tal sinergia garantiza que nuestros estudiantes desarrollen capacidades pertinentes y est\u00e9n preparados para enfrentar los retos del mundo laboral con visi\u00f3n, creatividad y excelencia, formados bajo el Modelo Humanista Integrador basado en Capacidades.<\/p>\n<p style=\"font-weight: 400; text-align: justify;\">Por su parte, la Licenciada Elvia Hern\u00e1ndez Escalona, Directora de la Facultad de Dise\u00f1o, Arte y Arquitectura, destac\u00f3 que este encuentro constituye un espacio de an\u00e1lisis, di\u00e1logo y actualizaci\u00f3n en torno a los avances que est\u00e1n redefiniendo el sector automotriz.<\/p>\n<p style=\"font-weight: 400; text-align: justify;\">En el marco del coloquio, los estudiantes participan en conferencias magistrales como\u00a0\ud835\udc0b\ud835\udc1a\u00a0\ud835\udc22\ud835\udc26\ud835\udc29\ud835\udc28\ud835\udc2b\ud835\udc2d\ud835\udc1a\ud835\udc27\ud835\udc1c\ud835\udc22\ud835\udc1a\u00a0\ud835\udc1d\ud835\udc1e\u00a0\ud835\udc25\ud835\udc1a\u00a0\ud835\udc22\ud835\udc27\ud835\udc1d\ud835\udc2e\ud835\udc2c\ud835\udc2d\ud835\udc2b\ud835\udc22\ud835\udc1a\u00a0\ud835\udc1a\ud835\udc2e\ud835\udc2d\ud835\udc28\ud835\udc26\ud835\udc28\ud835\udc2d\ud835\udc2b\ud835\udc22\ud835\udc33\u00a0\ud835\udc1e\ud835\udc27\u00a0\ud835\udc0c\ud835\udc1e\u0301\ud835\udc31\ud835\udc22\ud835\udc1c\ud835\udc28, a cargo de la Maestra M\u00f3nica Doger Ram\u00edrez, Directora General del Cl\u00faster Automotriz, y\u00a0\ud835\udc04\ud835\udc25\u00a0\ud835\udc1f\ud835\udc2e\ud835\udc2d\ud835\udc2e\ud835\udc2b\ud835\udc28\u00a0\ud835\udc1d\ud835\udc1e\ud835\udc1f\ud835\udc22\ud835\udc27\ud835\udc22\ud835\udc1d\ud835\udc28\u00a0\ud835\udc1d\ud835\udc1e\u00a0\ud835\udc25\ud835\udc28\ud835\udc2c\u00a0\ud835\udc1a\ud835\udc25\ud835\udc20\ud835\udc28\ud835\udc2b\ud835\udc22\ud835\udc2d\ud835\udc26\ud835\udc28\ud835\udc2c:\u00a0\ud835\udc22\ud835\udc27\ud835\udc2d\ud835\udc1e\ud835\udc25\ud835\udc22\ud835\udc20\ud835\udc1e\ud835\udc27\ud835\udc1c\ud835\udc22\ud835\udc1a\u00a0\ud835\udc1a\ud835\udc2b\ud835\udc2d\ud835\udc22\ud835\udc1f\ud835\udc22\ud835\udc1c\ud835\udc22\ud835\udc1a\ud835\udc25\u00a0\ud835\udc1e\ud835\udc27\u00a0\ud835\udc1e\ud835\udc25\u00a0\ud835\udc1d\ud835\udc22\ud835\udc2c\ud835\udc1e\ud835\udc27\u0303\ud835\udc28,\u00a0\ud835\udc26\ud835\udc1a\ud835\udc27\ud835\udc2e\ud835\udc1f\ud835\udc1a\ud835\udc1c\ud835\udc2d\ud835\udc2e\ud835\udc2b\ud835\udc1a\u00a0\ud835\udc32\u00a0\ud835\udc1e\ud835\udc31\ud835\udc29\ud835\udc1e\ud835\udc2b\ud835\udc22\ud835\udc1e\ud835\udc27\ud835\udc1c\ud835\udc22\ud835\udc1a\u00a0\ud835\udc1d\ud835\udc1e\ud835\udc25\u00a0\ud835\udc1a\ud835\udc2e\ud835\udc2d\ud835\udc28\ud835\udc26\ud835\udc28\u0301\ud835\udc2f\ud835\udc22\ud835\udc25\u00a0\ud835\udc22\ud835\udc27\ud835\udc2d\ud835\udc1e\ud835\udc25\ud835\udc22\ud835\udc20\ud835\udc1e\ud835\udc27\ud835\udc2d\ud835\udc1e, impartida por el Ingeniero Francisco Rodr\u00edguez Campo, de Roca Robotics.<\/p>\n","protected":false},"excerpt":{"rendered":"<p>Inaugur\u00f3 Primer Coloquio de la Licenciatura en Dise\u00f1o Automotriz: Visi\u00f3n hacia el futuro automotriz El v\u00ednculo entre la Universidad y el sector automotriz ser\u00e1 clave para construir un porvenir din\u00e1mico, competitivo y lleno de posibilidades para Tlaxcala y el pa\u00eds, afirm\u00f3 el Doctor Seraf\u00edn Ortiz Ortiz, Rector de la Universidad Aut\u00f3noma de Tlaxcala (UATx), \u00a0al [&hellip;]<\/p>\n","protected":false},"author":5,"featured_media":53088,"comment_status":"open","ping_status":"open","sticky":false,"template":"","format":"standard","meta":{"footnotes":""},"categories":[7,213,241],"tags":[],"class_list":["post-53087","post","type-post","status-publish","format-standard","has-post-thumbnail","hentry","category-ciudadanos","category-educacion","category-uatx"],"amp_enabled":true,"_links":{"self":[{"href":"https:\/\/labestiapolitica.com.mx\/index.php?rest_route=\/wp\/v2\/posts\/53087","targetHints":{"allow":["GET"]}}],"collection":[{"href":"https:\/\/labestiapolitica.com.mx\/index.php?rest_route=\/wp\/v2\/posts"}],"about":[{"href":"https:\/\/labestiapolitica.com.mx\/index.php?rest_route=\/wp\/v2\/types\/post"}],"author":[{"embeddable":true,"href":"https:\/\/labestiapolitica.com.mx\/index.php?rest_route=\/wp\/v2\/users\/5"}],"replies":[{"embeddable":true,"href":"https:\/\/labestiapolitica.com.mx\/index.php?rest_route=%2Fwp%2Fv2%2Fcomments&post=53087"}],"version-history":[{"count":1,"href":"https:\/\/labestiapolitica.com.mx\/index.php?rest_route=\/wp\/v2\/posts\/53087\/revisions"}],"predecessor-version":[{"id":53089,"href":"https:\/\/labestiapolitica.com.mx\/index.php?rest_route=\/wp\/v2\/posts\/53087\/revisions\/53089"}],"wp:featuredmedia":[{"embeddable":true,"href":"https:\/\/labestiapolitica.com.mx\/index.php?rest_route=\/wp\/v2\/media\/53088"}],"wp:attachment":[{"href":"https:\/\/labestiapolitica.com.mx\/index.php?rest_route=%2Fwp%2Fv2%2Fmedia&parent=53087"}],"wp:term":[{"taxonomy":"category","embeddable":true,"href":"https:\/\/labestiapolitica.com.mx\/index.php?rest_route=%2Fwp%2Fv2%2Fcategories&post=53087"},{"taxonomy":"post_tag","embeddable":true,"href":"https:\/\/labestiapolitica.com.mx\/index.php?rest_route=%2Fwp%2Fv2%2Ftags&post=53087"}],"curies":[{"name":"wp","href":"https:\/\/api.w.org\/{rel}","templated":true}]}}